{"id":36055,"date":"2020-04-01T11:30:00","date_gmt":"2020-04-01T10:30:00","guid":{"rendered":"https:\/\/www.allevamentoredwing.com\/blog\/la-photoperiode-pour-lelevage-des-turdides\/"},"modified":"2026-02-02T15:21:23","modified_gmt":"2026-02-02T14:21:23","slug":"la-photoperiode-pour-lelevage-des-turdides","status":"publish","type":"post","link":"https:\/\/www.allevamentoredwing.com\/fr\/blog\/la-photoperiode-pour-lelevage-des-turdides\/","title":{"rendered":"La photop\u00e9riode pour l&#8217;\u00e9levage des turdid\u00e9s"},"content":{"rendered":"\n<p class=\"wp-block-paragraph\">La <strong>programmation artificielle de la photop\u00e9riode<\/strong> permet de<strong> contr\u00f4ler la<\/strong> saison de<strong> reproduction<\/strong> en l&#8217;avan\u00e7ant, ce qui augmente le taux de natalit\u00e9. <br\/>Il est important de se rappeler que si ces techniques sont appliqu\u00e9es de mani\u00e8re irrationnelle et avec une force maximale, elles sont pr\u00e9judiciables au bien-\u00eatre et \u00e0 la sant\u00e9 des oiseaux. Le spectre du rayonnement optique varie entre 10\/2 nm du spectre ultraviolet (UV) et 10\/6 nm du spectre infrarouge (IR). Cette longueur d&#8217;onde est subdivis\u00e9e en sept bandes : UV-C, UV-B, UB-A, lumi\u00e8re visible, IR-A, IR-B, IR-C. La bande UV-B de la lumi\u00e8re solaire naturelle permet la conversion du 7-d\u00e9hydrocholest\u00e9rol en 1,25 dihydrochol\u00e9calcif\u00e8re, la vitamine D3, qui est ensuite r\u00e9absorb\u00e9e par la peau ou ing\u00e9r\u00e9e lors de l&#8217;entretien du stylo.  <\/p>\n\n<!--more-->\n\n<div class=\"wp-block-image\"><figure class=\"aligncenter size-large is-resized\"><img loading=\"lazy\" decoding=\"async\" src=\"https:\/\/www.allevamentoredwing.com\/wp-content\/uploads\/2020\/02\/PAS_1645-HDR-1024x819.jpg\" alt=\"\" class=\"wp-image-5666\" width=\"512\" height=\"410\" srcset=\"https:\/\/www.allevamentoredwing.com\/wp-content\/uploads\/2020\/02\/PAS_1645-HDR-1024x819.jpg 1024w, https:\/\/www.allevamentoredwing.com\/wp-content\/uploads\/2020\/02\/PAS_1645-HDR-300x240.jpg 300w, https:\/\/www.allevamentoredwing.com\/wp-content\/uploads\/2020\/02\/PAS_1645-HDR-768x614.jpg 768w, https:\/\/www.allevamentoredwing.com\/wp-content\/uploads\/2020\/02\/PAS_1645-HDR-600x480.jpg 600w, https:\/\/www.allevamentoredwing.com\/wp-content\/uploads\/2020\/02\/PAS_1645-HDR.jpg 1500w\" sizes=\"auto, (max-width: 512px) 100vw, 512px\" \/><figcaption>C&#8217;est la photop\u00e9riode que j&#8217;utilise pour l&#8217;\u00e9levage.<\/figcaption><\/figure><\/div>\n\n<p class=\"wp-block-paragraph\">La vitamine <strong>D3 <\/strong>est tr\u00e8s importante pour le m\u00e9tabolisme du calcium. Une intensit\u00e9 minimale (50 \u00e0 1000 lux = intensit\u00e9 lumineuse \/ m2) est n\u00e9cessaire. L&#8217;intensit\u00e9 lumineuse nous donne une indication de la quantit\u00e9 de lumi\u00e8re produite par seconde. En additionnant l&#8217;intensit\u00e9 lumineuse de toutes les lampes d&#8217;une pi\u00e8ce et en la divisant par le nombre de m\u00e8tres carr\u00e9s, vous obtiendrez une id\u00e9e de la quantit\u00e9 de lux. La lumi\u00e8re du soleil produit environ 150 lux. Les lampes fluorescentes normales ne produisent pas une lumi\u00e8re continue, mais oscillent comme un stroboscope, environ 50 fois par seconde<strong>(50HZ<\/strong>). L&#8217;\u0153il humain discerne cette fr\u00e9quence, mais l&#8217;effet de ce ph\u00e9nom\u00e8ne sur le comportement des oiseaux n&#8217;est pas bien connu. L&#8217;effet stroboscopique de la lumi\u00e8re fluorescente provoque probablement du stress et influence n\u00e9gativement l&#8217;\u00e9tat g\u00e9n\u00e9ral des animaux. Parmi les plus gros probl\u00e8mes d&#8217;\u00e9levage figurent ceux caus\u00e9s par des erreurs dans la manipulation du cycle lumineux. <strong>Les oiseaux ont besoin d&#8217;un minimum de 13-14 heures de lumi\u00e8re pour commencer \u00e0 se reproduire<\/strong>. Si la dur\u00e9e d&#8217;\u00e9clairage est soumise \u00e0 des fluctuations, les oiseaux re\u00e7oivent des messages hormonaux contradictoires, ce qui peut entra\u00eener une mue pr\u00e9matur\u00e9e et une interruption de la reproduction. Normalement, les oiseaux commencent \u00e0 se reproduire lorsque les conditions suivantes sont remplies : stimulation de la photop\u00e9riode, maturit\u00e9 sexuelle, bonne sant\u00e9, alimentation appropri\u00e9e, partenaire acceptable, pr\u00e9sence d&#8217;un nid et de mat\u00e9riaux pour le nid, intimit\u00e9 ad\u00e9quate. Les photor\u00e9cepteurs de la r\u00e9tine stimulent l&#8217;hypothalamus via le nerf optique, les hormones lib\u00e9r\u00e9es par l&#8217;hypothalamus stimulent l&#8217;adeinohypophyse pour produire des gonadotrophines, qui \u00e0 leur tour stimulent les gonades pour qu&#8217;elles lib\u00e8rent des hormones sexuelles.            <\/p>\n\n<div style=\"height:50px\" aria-hidden=\"true\" class=\"wp-block-spacer\"><\/div>\n\n<div class=\"wp-block-group has-very-light-gray-background-color has-background related-product-article\"><div class=\"wp-block-group__inner-container is-layout-flow wp-block-group-is-layout-flow\">\n<h3 class=\"has-text-align-center wp-block-heading\">VEDI ALCUNI PRODOTTI CHE POTREBBERO INTERESSARTI<\/h3>\n\n\n\n<hr class=\"wp-block-separator\"\/>\n\n\n<div data-align-buttons=\"true\" data-block-name=\"woocommerce\/product-tag\" data-orderby=\"price_desc\" data-tags=\"[393]\" class=\"wc-block-grid wp-block-product-tag wp-block-woocommerce-product-tag wc-block-product-tag has-3-columns has-multiple-rows has-aligned-buttons\"><ul class=\"wc-block-grid__products\"><li class=\"wc-block-grid__product\"><span class=\"gtm4wp_productdata\" style=\"display:none; visibility:hidden;\" data-gtm4wp_product_data=\"{&quot;internal_id&quot;:36677,&quot;item_id&quot;:36677,&quot;item_name&quot;:&quot;G\\u00e9n\\u00e9rateur de saison SOL-LED 12V&quot;,&quot;sku&quot;:36677,&quot;price&quot;:240,&quot;stocklevel&quot;:1,&quot;stockstatus&quot;:&quot;instock&quot;,&quot;google_business_vertical&quot;:&quot;retail&quot;,&quot;item_category&quot;:&quot;L&#039;\\u00e9levage&quot;,&quot;id&quot;:36677,&quot;productlink&quot;:&quot;https:\\\/\\\/www.allevamentoredwing.com\\\/fr\\\/prodotti\\\/generateur-de-saison-sol-led-12v\\\/&quot;,&quot;item_list_name&quot;:&quot;Liste g\\u00e9n\\u00e9rale des produits&quot;,&quot;index&quot;:0,&quot;product_type&quot;:&quot;simple&quot;,&quot;item_brand&quot;:&quot;&quot;}\"><\/span>\n\t\t\t\t<a href=\"https:\/\/www.allevamentoredwing.com\/fr\/prodotti\/generateur-de-saison-sol-led-12v\/\" class=\"wc-block-grid__product-link\">\n\t\t\t\t\t\n\t\t\t\t\t<div class=\"wc-block-grid__product-image\"><img loading=\"lazy\" decoding=\"async\" width=\"400\" height=\"400\" src=\"https:\/\/www.allevamentoredwing.com\/wp-content\/uploads\/2024\/01\/SOL_GENERATOR_LED-400x400.jpg\" class=\"attachment-woocommerce_thumbnail size-woocommerce_thumbnail\" alt=\"G\u00e9n\u00e9rateur de saison SOL-LED 12V\" srcset=\"https:\/\/www.allevamentoredwing.com\/wp-content\/uploads\/2024\/01\/SOL_GENERATOR_LED-400x400.jpg 400w, https:\/\/www.allevamentoredwing.com\/wp-content\/uploads\/2024\/01\/SOL_GENERATOR_LED-300x300.jpg 300w, https:\/\/www.allevamentoredwing.com\/wp-content\/uploads\/2024\/01\/SOL_GENERATOR_LED-1024x1024.jpg 1024w, https:\/\/www.allevamentoredwing.com\/wp-content\/uploads\/2024\/01\/SOL_GENERATOR_LED-150x150.jpg 150w, https:\/\/www.allevamentoredwing.com\/wp-content\/uploads\/2024\/01\/SOL_GENERATOR_LED-768x768.jpg 768w, https:\/\/www.allevamentoredwing.com\/wp-content\/uploads\/2024\/01\/SOL_GENERATOR_LED-1536x1536.jpg 1536w, https:\/\/www.allevamentoredwing.com\/wp-content\/uploads\/2024\/01\/SOL_GENERATOR_LED-350x350.jpg 350w, https:\/\/www.allevamentoredwing.com\/wp-content\/uploads\/2024\/01\/SOL_GENERATOR_LED-110x110.jpg 110w, https:\/\/www.allevamentoredwing.com\/wp-content\/uploads\/2024\/01\/SOL_GENERATOR_LED-70x70.jpg 70w, https:\/\/www.allevamentoredwing.com\/wp-content\/uploads\/2024\/01\/SOL_GENERATOR_LED-600x600.jpg 600w, https:\/\/www.allevamentoredwing.com\/wp-content\/uploads\/2024\/01\/SOL_GENERATOR_LED-100x100.jpg 100w, https:\/\/www.allevamentoredwing.com\/wp-content\/uploads\/2024\/01\/SOL_GENERATOR_LED.jpg 2000w\" sizes=\"auto, (max-width: 400px) 100vw, 400px\" \/><\/div>\n\t\t\t\t\t<div class=\"wc-block-grid__product-title\">G\u00e9n\u00e9rateur de saison SOL-LED 12V<\/div>\n\t\t\t\t<\/a>\n\t\t\t\t<div class=\"wc-block-grid__product-price price\"><span class=\"woocommerce-Price-amount amount\">240,00<span class=\"woocommerce-Price-currencySymbol\">&euro;<\/span><\/span><\/div>\n\t\t\t\t\n\t\t\t\t<div class=\"wp-block-button wc-block-grid__product-add-to-cart\"><a href=\"\/fr\/wp-json\/wp\/v2\/posts\/36055?add-to-cart=36677\" aria-label=\"Ajouter au panier\u00a0: &ldquo;G\u00e9n\u00e9rateur de saison SOL-LED 12V&rdquo;\" data-quantity=\"1\" data-product_id=\"36677\" data-product_sku=\"\" data-price=\"240\" rel=\"nofollow\" class=\"wp-block-button__link  add_to_cart_button ajax_add_to_cart\">Ajouter au panier<\/a><\/div>\n\t\t\t<\/li><li class=\"wc-block-grid__product\"><span class=\"gtm4wp_productdata\" style=\"display:none; visibility:hidden;\" data-gtm4wp_product_data=\"{&quot;internal_id&quot;:36190,&quot;item_id&quot;:36190,&quot;item_name&quot;:&quot;G\\u00e9n\\u00e9rateur de saison SOL-6000&quot;,&quot;sku&quot;:36190,&quot;price&quot;:210,&quot;stocklevel&quot;:1,&quot;stockstatus&quot;:&quot;instock&quot;,&quot;google_business_vertical&quot;:&quot;retail&quot;,&quot;item_category&quot;:&quot;L&#039;\\u00e9levage&quot;,&quot;id&quot;:36190,&quot;productlink&quot;:&quot;https:\\\/\\\/www.allevamentoredwing.com\\\/fr\\\/prodotti\\\/generateur-de-saison-sol-6000\\\/&quot;,&quot;item_list_name&quot;:&quot;Liste g\\u00e9n\\u00e9rale des produits&quot;,&quot;index&quot;:0,&quot;product_type&quot;:&quot;simple&quot;,&quot;item_brand&quot;:&quot;&quot;}\"><\/span>\n\t\t\t\t<a href=\"https:\/\/www.allevamentoredwing.com\/fr\/prodotti\/generateur-de-saison-sol-6000\/\" class=\"wc-block-grid__product-link\">\n\t\t\t\t\t\n\t\t\t\t\t<div class=\"wc-block-grid__product-image\"><img loading=\"lazy\" decoding=\"async\" width=\"400\" height=\"400\" src=\"https:\/\/www.allevamentoredwing.com\/wp-content\/uploads\/2020\/01\/sol-6000-400x400.jpg\" class=\"attachment-woocommerce_thumbnail size-woocommerce_thumbnail\" alt=\"G\u00e9n\u00e9rateur de saison SOL-6000\" srcset=\"https:\/\/www.allevamentoredwing.com\/wp-content\/uploads\/2020\/01\/sol-6000-400x400.jpg 400w, https:\/\/www.allevamentoredwing.com\/wp-content\/uploads\/2020\/01\/sol-6000-300x300.jpg 300w, https:\/\/www.allevamentoredwing.com\/wp-content\/uploads\/2020\/01\/sol-6000-150x150.jpg 150w, https:\/\/www.allevamentoredwing.com\/wp-content\/uploads\/2020\/01\/sol-6000-350x350.jpg 350w, https:\/\/www.allevamentoredwing.com\/wp-content\/uploads\/2020\/01\/sol-6000-110x110.jpg 110w, https:\/\/www.allevamentoredwing.com\/wp-content\/uploads\/2020\/01\/sol-6000-70x70.jpg 70w, https:\/\/www.allevamentoredwing.com\/wp-content\/uploads\/2020\/01\/sol-6000-100x100.jpg 100w, https:\/\/www.allevamentoredwing.com\/wp-content\/uploads\/2020\/01\/sol-6000.jpg 500w\" sizes=\"auto, (max-width: 400px) 100vw, 400px\" \/><\/div>\n\t\t\t\t\t<div class=\"wc-block-grid__product-title\">G\u00e9n\u00e9rateur de saison SOL-6000<\/div>\n\t\t\t\t<\/a>\n\t\t\t\t<div class=\"wc-block-grid__product-price price\"><span class=\"woocommerce-Price-amount amount\">210,00<span class=\"woocommerce-Price-currencySymbol\">&euro;<\/span><\/span><\/div>\n\t\t\t\t\n\t\t\t\t<div class=\"wp-block-button wc-block-grid__product-add-to-cart\"><a href=\"\/fr\/wp-json\/wp\/v2\/posts\/36055?add-to-cart=36190\" aria-label=\"Ajouter au panier\u00a0: &ldquo;G\u00e9n\u00e9rateur de saison SOL-6000&rdquo;\" data-quantity=\"1\" data-product_id=\"36190\" data-product_sku=\"\" data-price=\"210\" rel=\"nofollow\" class=\"wp-block-button__link  add_to_cart_button ajax_add_to_cart\">Ajouter au panier<\/a><\/div>\n\t\t\t<\/li><li class=\"wc-block-grid__product\"><span class=\"gtm4wp_productdata\" style=\"display:none; visibility:hidden;\" data-gtm4wp_product_data=\"{&quot;internal_id&quot;:36206,&quot;item_id&quot;:36206,&quot;item_name&quot;:&quot;Lampe solaire n\\u00e9on T8 pour oiseaux 58W 150cm&quot;,&quot;sku&quot;:36206,&quot;price&quot;:36,&quot;stocklevel&quot;:19,&quot;stockstatus&quot;:&quot;instock&quot;,&quot;google_business_vertical&quot;:&quot;retail&quot;,&quot;item_category&quot;:&quot;L&#039;\\u00e9levage&quot;,&quot;id&quot;:36206,&quot;productlink&quot;:&quot;https:\\\/\\\/www.allevamentoredwing.com\\\/fr\\\/prodotti\\\/lampe-solaire-neon-t8-pour-oiseaux-58w-150cm\\\/&quot;,&quot;item_list_name&quot;:&quot;Liste g\\u00e9n\\u00e9rale des produits&quot;,&quot;index&quot;:0,&quot;product_type&quot;:&quot;simple&quot;,&quot;item_brand&quot;:&quot;&quot;}\"><\/span>\n\t\t\t\t<a href=\"https:\/\/www.allevamentoredwing.com\/fr\/prodotti\/lampe-solaire-neon-t8-pour-oiseaux-58w-150cm\/\" class=\"wc-block-grid__product-link\">\n\t\t\t\t\t\n\t\t\t\t\t<div class=\"wc-block-grid__product-image\"><img loading=\"lazy\" decoding=\"async\" width=\"400\" height=\"400\" src=\"https:\/\/www.allevamentoredwing.com\/wp-content\/uploads\/2020\/01\/Copertina-Neon-arcadia-58W-400x400.png\" class=\"attachment-woocommerce_thumbnail size-woocommerce_thumbnail\" alt=\"Lampe solaire n\u00e9on T8 pour oiseaux 58W 150cm\" srcset=\"https:\/\/www.allevamentoredwing.com\/wp-content\/uploads\/2020\/01\/Copertina-Neon-arcadia-58W-400x400.png 400w, https:\/\/www.allevamentoredwing.com\/wp-content\/uploads\/2020\/01\/Copertina-Neon-arcadia-58W-300x300.png 300w, https:\/\/www.allevamentoredwing.com\/wp-content\/uploads\/2020\/01\/Copertina-Neon-arcadia-58W-1024x1024.png 1024w, https:\/\/www.allevamentoredwing.com\/wp-content\/uploads\/2020\/01\/Copertina-Neon-arcadia-58W-150x150.png 150w, https:\/\/www.allevamentoredwing.com\/wp-content\/uploads\/2020\/01\/Copertina-Neon-arcadia-58W-768x768.png 768w, https:\/\/www.allevamentoredwing.com\/wp-content\/uploads\/2020\/01\/Copertina-Neon-arcadia-58W-350x350.png 350w, https:\/\/www.allevamentoredwing.com\/wp-content\/uploads\/2020\/01\/Copertina-Neon-arcadia-58W-110x110.png 110w, https:\/\/www.allevamentoredwing.com\/wp-content\/uploads\/2020\/01\/Copertina-Neon-arcadia-58W-70x70.png 70w, https:\/\/www.allevamentoredwing.com\/wp-content\/uploads\/2020\/01\/Copertina-Neon-arcadia-58W-600x600.png 600w, https:\/\/www.allevamentoredwing.com\/wp-content\/uploads\/2020\/01\/Copertina-Neon-arcadia-58W-100x100.png 100w, https:\/\/www.allevamentoredwing.com\/wp-content\/uploads\/2020\/01\/Copertina-Neon-arcadia-58W.png 1500w\" sizes=\"auto, (max-width: 400px) 100vw, 400px\" \/><\/div>\n\t\t\t\t\t<div class=\"wc-block-grid__product-title\">Lampe solaire n\u00e9on T8 pour oiseaux 58W 150cm<\/div>\n\t\t\t\t<\/a>\n\t\t\t\t<div class=\"wc-block-grid__product-price price\"><span class=\"woocommerce-Price-amount amount\">36,00<span class=\"woocommerce-Price-currencySymbol\">&euro;<\/span><\/span><\/div>\n\t\t\t\t\n\t\t\t\t<div class=\"wp-block-button wc-block-grid__product-add-to-cart\"><a href=\"\/fr\/wp-json\/wp\/v2\/posts\/36055?add-to-cart=36206\" aria-label=\"Ajouter au panier\u00a0: &ldquo;Lampe solaire n\u00e9on T8 pour oiseaux 58W 150cm&rdquo;\" data-quantity=\"1\" data-product_id=\"36206\" data-product_sku=\"\" data-price=\"36\" rel=\"nofollow\" class=\"wp-block-button__link  add_to_cart_button ajax_add_to_cart\">Ajouter au panier<\/a><\/div>\n\t\t\t<\/li><li class=\"wc-block-grid__product\"><span class=\"gtm4wp_productdata\" style=\"display:none; visibility:hidden;\" data-gtm4wp_product_data=\"{&quot;internal_id&quot;:36197,&quot;item_id&quot;:36197,&quot;item_name&quot;:&quot;Lampe solaire n\\u00e9on T8 pour oiseaux 36W 120cm&quot;,&quot;sku&quot;:36197,&quot;price&quot;:29,&quot;stocklevel&quot;:1,&quot;stockstatus&quot;:&quot;instock&quot;,&quot;google_business_vertical&quot;:&quot;retail&quot;,&quot;item_category&quot;:&quot;L&#039;\\u00e9levage&quot;,&quot;id&quot;:36197,&quot;productlink&quot;:&quot;https:\\\/\\\/www.allevamentoredwing.com\\\/fr\\\/prodotti\\\/lampe-solaire-neon-t8-pour-oiseaux-36w-120cm\\\/&quot;,&quot;item_list_name&quot;:&quot;Liste g\\u00e9n\\u00e9rale des produits&quot;,&quot;index&quot;:0,&quot;product_type&quot;:&quot;simple&quot;,&quot;item_brand&quot;:&quot;&quot;}\"><\/span>\n\t\t\t\t<a href=\"https:\/\/www.allevamentoredwing.com\/fr\/prodotti\/lampe-solaire-neon-t8-pour-oiseaux-36w-120cm\/\" class=\"wc-block-grid__product-link\">\n\t\t\t\t\t\n\t\t\t\t\t<div class=\"wc-block-grid__product-image\"><img loading=\"lazy\" decoding=\"async\" width=\"400\" height=\"400\" src=\"https:\/\/www.allevamentoredwing.com\/wp-content\/uploads\/2020\/01\/Copertina-Neon-arcadia-36W-400x400.png\" class=\"attachment-woocommerce_thumbnail size-woocommerce_thumbnail\" alt=\"Lampe solaire n\u00e9on T8 pour oiseaux 36W 120cm\" srcset=\"https:\/\/www.allevamentoredwing.com\/wp-content\/uploads\/2020\/01\/Copertina-Neon-arcadia-36W-400x400.png 400w, https:\/\/www.allevamentoredwing.com\/wp-content\/uploads\/2020\/01\/Copertina-Neon-arcadia-36W-300x300.png 300w, https:\/\/www.allevamentoredwing.com\/wp-content\/uploads\/2020\/01\/Copertina-Neon-arcadia-36W-1024x1024.png 1024w, https:\/\/www.allevamentoredwing.com\/wp-content\/uploads\/2020\/01\/Copertina-Neon-arcadia-36W-150x150.png 150w, https:\/\/www.allevamentoredwing.com\/wp-content\/uploads\/2020\/01\/Copertina-Neon-arcadia-36W-768x768.png 768w, https:\/\/www.allevamentoredwing.com\/wp-content\/uploads\/2020\/01\/Copertina-Neon-arcadia-36W-350x350.png 350w, https:\/\/www.allevamentoredwing.com\/wp-content\/uploads\/2020\/01\/Copertina-Neon-arcadia-36W-110x110.png 110w, https:\/\/www.allevamentoredwing.com\/wp-content\/uploads\/2020\/01\/Copertina-Neon-arcadia-36W-70x70.png 70w, https:\/\/www.allevamentoredwing.com\/wp-content\/uploads\/2020\/01\/Copertina-Neon-arcadia-36W-600x600.png 600w, https:\/\/www.allevamentoredwing.com\/wp-content\/uploads\/2020\/01\/Copertina-Neon-arcadia-36W-100x100.png 100w, https:\/\/www.allevamentoredwing.com\/wp-content\/uploads\/2020\/01\/Copertina-Neon-arcadia-36W.png 1500w\" sizes=\"auto, (max-width: 400px) 100vw, 400px\" \/><\/div>\n\t\t\t\t\t<div class=\"wc-block-grid__product-title\">Lampe solaire n\u00e9on T8 pour oiseaux 36W 120cm<\/div>\n\t\t\t\t<\/a>\n\t\t\t\t<div class=\"wc-block-grid__product-price price\"><span class=\"woocommerce-Price-amount amount\">29,00<span class=\"woocommerce-Price-currencySymbol\">&euro;<\/span><\/span><\/div>\n\t\t\t\t\n\t\t\t\t<div class=\"wp-block-button wc-block-grid__product-add-to-cart\"><a href=\"\/fr\/wp-json\/wp\/v2\/posts\/36055?add-to-cart=36197\" aria-label=\"Ajouter au panier\u00a0: &ldquo;Lampe solaire n\u00e9on T8 pour oiseaux 36W 120cm&rdquo;\" data-quantity=\"1\" data-product_id=\"36197\" data-product_sku=\"\" data-price=\"29\" rel=\"nofollow\" class=\"wp-block-button__link  add_to_cart_button ajax_add_to_cart\">Ajouter au panier<\/a><\/div>\n\t\t\t<\/li><li class=\"wc-block-grid__product\"><span class=\"gtm4wp_productdata\" style=\"display:none; visibility:hidden;\" data-gtm4wp_product_data=\"{&quot;internal_id&quot;:36283,&quot;item_id&quot;:36283,&quot;item_name&quot;:&quot;Lampe solaire n\\u00e9on T8 pour oiseaux 18W 60cm&quot;,&quot;sku&quot;:36283,&quot;price&quot;:20,&quot;stocklevel&quot;:50,&quot;stockstatus&quot;:&quot;instock&quot;,&quot;google_business_vertical&quot;:&quot;retail&quot;,&quot;item_category&quot;:&quot;L&#039;\\u00e9levage&quot;,&quot;id&quot;:36283,&quot;productlink&quot;:&quot;https:\\\/\\\/www.allevamentoredwing.com\\\/fr\\\/prodotti\\\/lampe-solaire-neon-t8-pour-oiseaux-18w-60cm\\\/&quot;,&quot;item_list_name&quot;:&quot;Liste g\\u00e9n\\u00e9rale des produits&quot;,&quot;index&quot;:0,&quot;product_type&quot;:&quot;simple&quot;,&quot;item_brand&quot;:&quot;&quot;}\"><\/span>\n\t\t\t\t<a href=\"https:\/\/www.allevamentoredwing.com\/fr\/prodotti\/lampe-solaire-neon-t8-pour-oiseaux-18w-60cm\/\" class=\"wc-block-grid__product-link\">\n\t\t\t\t\t\n\t\t\t\t\t<div class=\"wc-block-grid__product-image\"><img loading=\"lazy\" decoding=\"async\" width=\"400\" height=\"400\" src=\"https:\/\/www.allevamentoredwing.com\/wp-content\/uploads\/2020\/02\/Copertina-Neon-arcadia-18W.png-400x400.jpg\" class=\"attachment-woocommerce_thumbnail size-woocommerce_thumbnail\" alt=\"Lampe solaire n\u00e9on T8 pour oiseaux 18W 60cm\" srcset=\"https:\/\/www.allevamentoredwing.com\/wp-content\/uploads\/2020\/02\/Copertina-Neon-arcadia-18W.png-400x400.jpg 400w, https:\/\/www.allevamentoredwing.com\/wp-content\/uploads\/2020\/02\/Copertina-Neon-arcadia-18W.png-300x300.jpg 300w, https:\/\/www.allevamentoredwing.com\/wp-content\/uploads\/2020\/02\/Copertina-Neon-arcadia-18W.png-1024x1024.jpg 1024w, https:\/\/www.allevamentoredwing.com\/wp-content\/uploads\/2020\/02\/Copertina-Neon-arcadia-18W.png-150x150.jpg 150w, https:\/\/www.allevamentoredwing.com\/wp-content\/uploads\/2020\/02\/Copertina-Neon-arcadia-18W.png-768x768.jpg 768w, https:\/\/www.allevamentoredwing.com\/wp-content\/uploads\/2020\/02\/Copertina-Neon-arcadia-18W.png-350x350.jpg 350w, https:\/\/www.allevamentoredwing.com\/wp-content\/uploads\/2020\/02\/Copertina-Neon-arcadia-18W.png-110x110.jpg 110w, https:\/\/www.allevamentoredwing.com\/wp-content\/uploads\/2020\/02\/Copertina-Neon-arcadia-18W.png-70x70.jpg 70w, https:\/\/www.allevamentoredwing.com\/wp-content\/uploads\/2020\/02\/Copertina-Neon-arcadia-18W.png-600x600.jpg 600w, https:\/\/www.allevamentoredwing.com\/wp-content\/uploads\/2020\/02\/Copertina-Neon-arcadia-18W.png-100x100.jpg 100w, https:\/\/www.allevamentoredwing.com\/wp-content\/uploads\/2020\/02\/Copertina-Neon-arcadia-18W.png.jpg 1500w\" sizes=\"auto, (max-width: 400px) 100vw, 400px\" \/><\/div>\n\t\t\t\t\t<div class=\"wc-block-grid__product-title\">Lampe solaire n\u00e9on T8 pour oiseaux 18W 60cm<\/div>\n\t\t\t\t<\/a>\n\t\t\t\t<div class=\"wc-block-grid__product-price price\"><span class=\"woocommerce-Price-amount amount\">20,00<span class=\"woocommerce-Price-currencySymbol\">&euro;<\/span><\/span><\/div>\n\t\t\t\t\n\t\t\t\t<div class=\"wp-block-button wc-block-grid__product-add-to-cart\"><a href=\"\/fr\/wp-json\/wp\/v2\/posts\/36055?add-to-cart=36283\" aria-label=\"Ajouter au panier\u00a0: &ldquo;Lampe solaire n\u00e9on T8 pour oiseaux 18W 60cm&rdquo;\" data-quantity=\"1\" data-product_id=\"36283\" data-product_sku=\"\" data-price=\"20\" rel=\"nofollow\" class=\"wp-block-button__link  add_to_cart_button ajax_add_to_cart\">Ajouter au panier<\/a><\/div>\n\t\t\t<\/li><\/ul><\/div><\/div><\/div>\n\n<p class=\"wp-block-paragraph\"><\/p>\n","protected":false},"excerpt":{"rendered":"<p>La programmation artificielle de la photop\u00e9riode permet de contr\u00f4ler la saison de reproduction en l&#8217;avan\u00e7ant, ce qui augmente le taux [&hellip;]<\/p>\n","protected":false},"author":2,"featured_media":8396,"comment_status":"open","ping_status":"open","sticky":false,"template":"","format":"standard","meta":{"_mo_disable_npp":"","footnotes":""},"categories":[342,341],"tags":[],"class_list":["post-36055","post","type-post","status-publish","format-standard","has-post-thumbnail","hentry","category-dernieres-nouvelles-du-blog","category-guide-demarrage"],"yoast_head":"<!-- This site is optimized with the Yoast SEO plugin v28.2 - https:\/\/yoast.com\/product\/yoast-seo-wordpress\/ -->\n<title>La photop\u00e9riode pour l&#039;\u00e9levage des turdid\u00e9s - Allevamento Redwing<\/title>\n<meta name=\"robots\" content=\"index, follow, max-snippet:-1, max-image-preview:large, max-video-preview:-1\" \/>\n<link rel=\"canonical\" href=\"https:\/\/www.allevamentoredwing.com\/fr\/blog\/la-photoperiode-pour-lelevage-des-turdides\/\" \/>\n<meta property=\"og:locale\" content=\"fr_FR\" \/>\n<meta property=\"og:type\" content=\"article\" \/>\n<meta property=\"og:title\" content=\"La photop\u00e9riode pour l&#039;\u00e9levage des turdid\u00e9s - Allevamento Redwing\" \/>\n<meta property=\"og:description\" content=\"La programmation artificielle de la photop\u00e9riode permet de contr\u00f4ler la saison de reproduction en l&#8217;avan\u00e7ant, ce qui augmente le taux [&hellip;]\" \/>\n<meta property=\"og:url\" content=\"https:\/\/www.allevamentoredwing.com\/fr\/blog\/la-photoperiode-pour-lelevage-des-turdides\/\" \/>\n<meta property=\"og:site_name\" content=\"Allevamento Redwing\" \/>\n<meta property=\"article:publisher\" content=\"https:\/\/www.facebook.com\/Allevamento-Redwing-1979803988953737\" \/>\n<meta property=\"article:published_time\" content=\"2020-04-01T10:30:00+00:00\" \/>\n<meta property=\"article:modified_time\" content=\"2026-02-02T14:21:23+00:00\" \/>\n<meta property=\"og:image\" content=\"https:\/\/www.allevamentoredwing.com\/wp-content\/uploads\/2020\/01\/DSC_6629.jpg\" \/>\n\t<meta property=\"og:image:width\" content=\"1500\" \/>\n\t<meta property=\"og:image:height\" content=\"1000\" \/>\n\t<meta property=\"og:image:type\" content=\"image\/jpeg\" \/>\n<meta name=\"author\" content=\"Firmo Bazzani\" \/>\n<meta name=\"twitter:card\" content=\"summary_large_image\" \/>\n<meta name=\"twitter:label1\" content=\"\u00c9crit par\" \/>\n\t<meta name=\"twitter:data1\" content=\"Firmo Bazzani\" \/>\n\t<meta name=\"twitter:label2\" content=\"Dur\u00e9e de lecture estim\u00e9e\" \/>\n\t<meta name=\"twitter:data2\" content=\"2 minutes\" \/>\n<script type=\"application\/ld+json\" class=\"yoast-schema-graph\">{\"@context\":\"https:\\\/\\\/schema.org\",\"@graph\":[{\"@type\":\"Article\",\"@id\":\"https:\\\/\\\/www.allevamentoredwing.com\\\/fr\\\/blog\\\/la-photoperiode-pour-lelevage-des-turdides\\\/#article\",\"isPartOf\":{\"@id\":\"https:\\\/\\\/www.allevamentoredwing.com\\\/fr\\\/blog\\\/la-photoperiode-pour-lelevage-des-turdides\\\/\"},\"author\":{\"name\":\"Firmo Bazzani\",\"@id\":\"https:\\\/\\\/www.allevamentoredwing.com\\\/fr\\\/#\\\/schema\\\/person\\\/ddaf18872ac3919f60ea25a1d46c7049\"},\"headline\":\"La photop\u00e9riode pour l&#8217;\u00e9levage des turdid\u00e9s\",\"datePublished\":\"2020-04-01T10:30:00+00:00\",\"dateModified\":\"2026-02-02T14:21:23+00:00\",\"mainEntityOfPage\":{\"@id\":\"https:\\\/\\\/www.allevamentoredwing.com\\\/fr\\\/blog\\\/la-photoperiode-pour-lelevage-des-turdides\\\/\"},\"wordCount\":466,\"commentCount\":0,\"publisher\":{\"@id\":\"https:\\\/\\\/www.allevamentoredwing.com\\\/fr\\\/#organization\"},\"image\":{\"@id\":\"https:\\\/\\\/www.allevamentoredwing.com\\\/fr\\\/blog\\\/la-photoperiode-pour-lelevage-des-turdides\\\/#primaryimage\"},\"thumbnailUrl\":\"https:\\\/\\\/www.allevamentoredwing.com\\\/wp-content\\\/uploads\\\/2020\\\/01\\\/DSC_6629.jpg\",\"articleSection\":[\"Derni\u00e8res nouvelles du blog\",\"Guide - D\u00e9marrage\"],\"inLanguage\":\"fr-FR\",\"potentialAction\":[{\"@type\":\"CommentAction\",\"name\":\"Comment\",\"target\":[\"https:\\\/\\\/www.allevamentoredwing.com\\\/fr\\\/blog\\\/la-photoperiode-pour-lelevage-des-turdides\\\/#respond\"]}]},{\"@type\":\"WebPage\",\"@id\":\"https:\\\/\\\/www.allevamentoredwing.com\\\/fr\\\/blog\\\/la-photoperiode-pour-lelevage-des-turdides\\\/\",\"url\":\"https:\\\/\\\/www.allevamentoredwing.com\\\/fr\\\/blog\\\/la-photoperiode-pour-lelevage-des-turdides\\\/\",\"name\":\"La photop\u00e9riode pour l'\u00e9levage des turdid\u00e9s - Allevamento Redwing\",\"isPartOf\":{\"@id\":\"https:\\\/\\\/www.allevamentoredwing.com\\\/fr\\\/#website\"},\"primaryImageOfPage\":{\"@id\":\"https:\\\/\\\/www.allevamentoredwing.com\\\/fr\\\/blog\\\/la-photoperiode-pour-lelevage-des-turdides\\\/#primaryimage\"},\"image\":{\"@id\":\"https:\\\/\\\/www.allevamentoredwing.com\\\/fr\\\/blog\\\/la-photoperiode-pour-lelevage-des-turdides\\\/#primaryimage\"},\"thumbnailUrl\":\"https:\\\/\\\/www.allevamentoredwing.com\\\/wp-content\\\/uploads\\\/2020\\\/01\\\/DSC_6629.jpg\",\"datePublished\":\"2020-04-01T10:30:00+00:00\",\"dateModified\":\"2026-02-02T14:21:23+00:00\",\"breadcrumb\":{\"@id\":\"https:\\\/\\\/www.allevamentoredwing.com\\\/fr\\\/blog\\\/la-photoperiode-pour-lelevage-des-turdides\\\/#breadcrumb\"},\"inLanguage\":\"fr-FR\",\"potentialAction\":[{\"@type\":\"ReadAction\",\"target\":[\"https:\\\/\\\/www.allevamentoredwing.com\\\/fr\\\/blog\\\/la-photoperiode-pour-lelevage-des-turdides\\\/\"]}]},{\"@type\":\"ImageObject\",\"inLanguage\":\"fr-FR\",\"@id\":\"https:\\\/\\\/www.allevamentoredwing.com\\\/fr\\\/blog\\\/la-photoperiode-pour-lelevage-des-turdides\\\/#primaryimage\",\"url\":\"https:\\\/\\\/www.allevamentoredwing.com\\\/wp-content\\\/uploads\\\/2020\\\/01\\\/DSC_6629.jpg\",\"contentUrl\":\"https:\\\/\\\/www.allevamentoredwing.com\\\/wp-content\\\/uploads\\\/2020\\\/01\\\/DSC_6629.jpg\",\"width\":1500,\"height\":1000},{\"@type\":\"BreadcrumbList\",\"@id\":\"https:\\\/\\\/www.allevamentoredwing.com\\\/fr\\\/blog\\\/la-photoperiode-pour-lelevage-des-turdides\\\/#breadcrumb\",\"itemListElement\":[{\"@type\":\"ListItem\",\"position\":1,\"name\":\"Accueil\",\"item\":\"https:\\\/\\\/www.allevamentoredwing.com\\\/fr\\\/accueil\\\/\"},{\"@type\":\"ListItem\",\"position\":2,\"name\":\"La photop\u00e9riode pour l&#8217;\u00e9levage des turdid\u00e9s\"}]},{\"@type\":\"WebSite\",\"@id\":\"https:\\\/\\\/www.allevamentoredwing.com\\\/fr\\\/#website\",\"url\":\"https:\\\/\\\/www.allevamentoredwing.com\\\/fr\\\/\",\"name\":\"Allevamento Redwing\",\"description\":\"Tutto per l'allevamento dei volatili\",\"publisher\":{\"@id\":\"https:\\\/\\\/www.allevamentoredwing.com\\\/fr\\\/#organization\"},\"potentialAction\":[{\"@type\":\"SearchAction\",\"target\":{\"@type\":\"EntryPoint\",\"urlTemplate\":\"https:\\\/\\\/www.allevamentoredwing.com\\\/fr\\\/?s={search_term_string}\"},\"query-input\":{\"@type\":\"PropertyValueSpecification\",\"valueRequired\":true,\"valueName\":\"search_term_string\"}}],\"inLanguage\":\"fr-FR\"},{\"@type\":\"Organization\",\"@id\":\"https:\\\/\\\/www.allevamentoredwing.com\\\/fr\\\/#organization\",\"name\":\"Azienda Agricola \\\"Allevamento Redwing\\\" di Bazzani Firmo\",\"url\":\"https:\\\/\\\/www.allevamentoredwing.com\\\/fr\\\/\",\"logo\":{\"@type\":\"ImageObject\",\"inLanguage\":\"fr-FR\",\"@id\":\"https:\\\/\\\/www.allevamentoredwing.com\\\/fr\\\/#\\\/schema\\\/logo\\\/image\\\/\",\"url\":\"https:\\\/\\\/www.allevamentoredwing.com\\\/wp-content\\\/uploads\\\/2019\\\/10\\\/logo-allevamento-redwing.png\",\"contentUrl\":\"https:\\\/\\\/www.allevamentoredwing.com\\\/wp-content\\\/uploads\\\/2019\\\/10\\\/logo-allevamento-redwing.png\",\"width\":819,\"height\":608,\"caption\":\"Azienda Agricola \\\"Allevamento Redwing\\\" di Bazzani Firmo\"},\"image\":{\"@id\":\"https:\\\/\\\/www.allevamentoredwing.com\\\/fr\\\/#\\\/schema\\\/logo\\\/image\\\/\"},\"sameAs\":[\"https:\\\/\\\/www.facebook.com\\\/Allevamento-Redwing-1979803988953737\",\"https:\\\/\\\/www.instagram.com\\\/allevamento_redwing\\\/\",\"https:\\\/\\\/www.youtube.com\\\/channel\\\/UCTxa8prgvBGVInkp_pI0ShQ\"]},{\"@type\":\"Person\",\"@id\":\"https:\\\/\\\/www.allevamentoredwing.com\\\/fr\\\/#\\\/schema\\\/person\\\/ddaf18872ac3919f60ea25a1d46c7049\",\"name\":\"Firmo Bazzani\",\"image\":{\"@type\":\"ImageObject\",\"inLanguage\":\"fr-FR\",\"@id\":\"https:\\\/\\\/secure.gravatar.com\\\/avatar\\\/9a8ec13db9c63631a1336b3f9db20d4a5a9bf19805f69ab5e86180447325d195?s=96&d=mm&r=g\",\"url\":\"https:\\\/\\\/secure.gravatar.com\\\/avatar\\\/9a8ec13db9c63631a1336b3f9db20d4a5a9bf19805f69ab5e86180447325d195?s=96&d=mm&r=g\",\"contentUrl\":\"https:\\\/\\\/secure.gravatar.com\\\/avatar\\\/9a8ec13db9c63631a1336b3f9db20d4a5a9bf19805f69ab5e86180447325d195?s=96&d=mm&r=g\",\"caption\":\"Firmo Bazzani\"},\"description\":\"Il braccio e la mente di tutto l'allevamento.\",\"url\":\"https:\\\/\\\/www.allevamentoredwing.com\\\/fr\\\/blog\\\/author\\\/bazzani-firmo\\\/\"}]}<\/script>\n<!-- \/ Yoast SEO plugin. -->","yoast_head_json":{"title":"La photop\u00e9riode pour l'\u00e9levage des turdid\u00e9s - Allevamento Redwing","robots":{"index":"index","follow":"follow","max-snippet":"max-snippet:-1","max-image-preview":"max-image-preview:large","max-video-preview":"max-video-preview:-1"},"canonical":"https:\/\/www.allevamentoredwing.com\/fr\/blog\/la-photoperiode-pour-lelevage-des-turdides\/","og_locale":"fr_FR","og_type":"article","og_title":"La photop\u00e9riode pour l'\u00e9levage des turdid\u00e9s - Allevamento Redwing","og_description":"La programmation artificielle de la photop\u00e9riode permet de contr\u00f4ler la saison de reproduction en l&#8217;avan\u00e7ant, ce qui augmente le taux [&hellip;]","og_url":"https:\/\/www.allevamentoredwing.com\/fr\/blog\/la-photoperiode-pour-lelevage-des-turdides\/","og_site_name":"Allevamento Redwing","article_publisher":"https:\/\/www.facebook.com\/Allevamento-Redwing-1979803988953737","article_published_time":"2020-04-01T10:30:00+00:00","article_modified_time":"2026-02-02T14:21:23+00:00","og_image":[{"width":1500,"height":1000,"url":"https:\/\/www.allevamentoredwing.com\/wp-content\/uploads\/2020\/01\/DSC_6629.jpg","type":"image\/jpeg"}],"author":"Firmo Bazzani","twitter_card":"summary_large_image","twitter_misc":{"\u00c9crit par":"Firmo Bazzani","Dur\u00e9e de lecture estim\u00e9e":"2 minutes"},"schema":{"@context":"https:\/\/schema.org","@graph":[{"@type":"Article","@id":"https:\/\/www.allevamentoredwing.com\/fr\/blog\/la-photoperiode-pour-lelevage-des-turdides\/#article","isPartOf":{"@id":"https:\/\/www.allevamentoredwing.com\/fr\/blog\/la-photoperiode-pour-lelevage-des-turdides\/"},"author":{"name":"Firmo Bazzani","@id":"https:\/\/www.allevamentoredwing.com\/fr\/#\/schema\/person\/ddaf18872ac3919f60ea25a1d46c7049"},"headline":"La photop\u00e9riode pour l&#8217;\u00e9levage des turdid\u00e9s","datePublished":"2020-04-01T10:30:00+00:00","dateModified":"2026-02-02T14:21:23+00:00","mainEntityOfPage":{"@id":"https:\/\/www.allevamentoredwing.com\/fr\/blog\/la-photoperiode-pour-lelevage-des-turdides\/"},"wordCount":466,"commentCount":0,"publisher":{"@id":"https:\/\/www.allevamentoredwing.com\/fr\/#organization"},"image":{"@id":"https:\/\/www.allevamentoredwing.com\/fr\/blog\/la-photoperiode-pour-lelevage-des-turdides\/#primaryimage"},"thumbnailUrl":"https:\/\/www.allevamentoredwing.com\/wp-content\/uploads\/2020\/01\/DSC_6629.jpg","articleSection":["Derni\u00e8res nouvelles du blog","Guide - D\u00e9marrage"],"inLanguage":"fr-FR","potentialAction":[{"@type":"CommentAction","name":"Comment","target":["https:\/\/www.allevamentoredwing.com\/fr\/blog\/la-photoperiode-pour-lelevage-des-turdides\/#respond"]}]},{"@type":"WebPage","@id":"https:\/\/www.allevamentoredwing.com\/fr\/blog\/la-photoperiode-pour-lelevage-des-turdides\/","url":"https:\/\/www.allevamentoredwing.com\/fr\/blog\/la-photoperiode-pour-lelevage-des-turdides\/","name":"La photop\u00e9riode pour l'\u00e9levage des turdid\u00e9s - Allevamento Redwing","isPartOf":{"@id":"https:\/\/www.allevamentoredwing.com\/fr\/#website"},"primaryImageOfPage":{"@id":"https:\/\/www.allevamentoredwing.com\/fr\/blog\/la-photoperiode-pour-lelevage-des-turdides\/#primaryimage"},"image":{"@id":"https:\/\/www.allevamentoredwing.com\/fr\/blog\/la-photoperiode-pour-lelevage-des-turdides\/#primaryimage"},"thumbnailUrl":"https:\/\/www.allevamentoredwing.com\/wp-content\/uploads\/2020\/01\/DSC_6629.jpg","datePublished":"2020-04-01T10:30:00+00:00","dateModified":"2026-02-02T14:21:23+00:00","breadcrumb":{"@id":"https:\/\/www.allevamentoredwing.com\/fr\/blog\/la-photoperiode-pour-lelevage-des-turdides\/#breadcrumb"},"inLanguage":"fr-FR","potentialAction":[{"@type":"ReadAction","target":["https:\/\/www.allevamentoredwing.com\/fr\/blog\/la-photoperiode-pour-lelevage-des-turdides\/"]}]},{"@type":"ImageObject","inLanguage":"fr-FR","@id":"https:\/\/www.allevamentoredwing.com\/fr\/blog\/la-photoperiode-pour-lelevage-des-turdides\/#primaryimage","url":"https:\/\/www.allevamentoredwing.com\/wp-content\/uploads\/2020\/01\/DSC_6629.jpg","contentUrl":"https:\/\/www.allevamentoredwing.com\/wp-content\/uploads\/2020\/01\/DSC_6629.jpg","width":1500,"height":1000},{"@type":"BreadcrumbList","@id":"https:\/\/www.allevamentoredwing.com\/fr\/blog\/la-photoperiode-pour-lelevage-des-turdides\/#breadcrumb","itemListElement":[{"@type":"ListItem","position":1,"name":"Accueil","item":"https:\/\/www.allevamentoredwing.com\/fr\/accueil\/"},{"@type":"ListItem","position":2,"name":"La photop\u00e9riode pour l&#8217;\u00e9levage des turdid\u00e9s"}]},{"@type":"WebSite","@id":"https:\/\/www.allevamentoredwing.com\/fr\/#website","url":"https:\/\/www.allevamentoredwing.com\/fr\/","name":"Allevamento Redwing","description":"Tutto per l'allevamento dei volatili","publisher":{"@id":"https:\/\/www.allevamentoredwing.com\/fr\/#organization"},"potentialAction":[{"@type":"SearchAction","target":{"@type":"EntryPoint","urlTemplate":"https:\/\/www.allevamentoredwing.com\/fr\/?s={search_term_string}"},"query-input":{"@type":"PropertyValueSpecification","valueRequired":true,"valueName":"search_term_string"}}],"inLanguage":"fr-FR"},{"@type":"Organization","@id":"https:\/\/www.allevamentoredwing.com\/fr\/#organization","name":"Azienda Agricola \"Allevamento Redwing\" di Bazzani Firmo","url":"https:\/\/www.allevamentoredwing.com\/fr\/","logo":{"@type":"ImageObject","inLanguage":"fr-FR","@id":"https:\/\/www.allevamentoredwing.com\/fr\/#\/schema\/logo\/image\/","url":"https:\/\/www.allevamentoredwing.com\/wp-content\/uploads\/2019\/10\/logo-allevamento-redwing.png","contentUrl":"https:\/\/www.allevamentoredwing.com\/wp-content\/uploads\/2019\/10\/logo-allevamento-redwing.png","width":819,"height":608,"caption":"Azienda Agricola \"Allevamento Redwing\" di Bazzani Firmo"},"image":{"@id":"https:\/\/www.allevamentoredwing.com\/fr\/#\/schema\/logo\/image\/"},"sameAs":["https:\/\/www.facebook.com\/Allevamento-Redwing-1979803988953737","https:\/\/www.instagram.com\/allevamento_redwing\/","https:\/\/www.youtube.com\/channel\/UCTxa8prgvBGVInkp_pI0ShQ"]},{"@type":"Person","@id":"https:\/\/www.allevamentoredwing.com\/fr\/#\/schema\/person\/ddaf18872ac3919f60ea25a1d46c7049","name":"Firmo Bazzani","image":{"@type":"ImageObject","inLanguage":"fr-FR","@id":"https:\/\/secure.gravatar.com\/avatar\/9a8ec13db9c63631a1336b3f9db20d4a5a9bf19805f69ab5e86180447325d195?s=96&d=mm&r=g","url":"https:\/\/secure.gravatar.com\/avatar\/9a8ec13db9c63631a1336b3f9db20d4a5a9bf19805f69ab5e86180447325d195?s=96&d=mm&r=g","contentUrl":"https:\/\/secure.gravatar.com\/avatar\/9a8ec13db9c63631a1336b3f9db20d4a5a9bf19805f69ab5e86180447325d195?s=96&d=mm&r=g","caption":"Firmo Bazzani"},"description":"Il braccio e la mente di tutto l'allevamento.","url":"https:\/\/www.allevamentoredwing.com\/fr\/blog\/author\/bazzani-firmo\/"}]}},"_links":{"self":[{"href":"https:\/\/www.allevamentoredwing.com\/fr\/wp-json\/wp\/v2\/posts\/36055","targetHints":{"allow":["GET"]}}],"collection":[{"href":"https:\/\/www.allevamentoredwing.com\/fr\/wp-json\/wp\/v2\/posts"}],"about":[{"href":"https:\/\/www.allevamentoredwing.com\/fr\/wp-json\/wp\/v2\/types\/post"}],"author":[{"embeddable":true,"href":"https:\/\/www.allevamentoredwing.com\/fr\/wp-json\/wp\/v2\/users\/2"}],"replies":[{"embeddable":true,"href":"https:\/\/www.allevamentoredwing.com\/fr\/wp-json\/wp\/v2\/comments?post=36055"}],"version-history":[{"count":1,"href":"https:\/\/www.allevamentoredwing.com\/fr\/wp-json\/wp\/v2\/posts\/36055\/revisions"}],"predecessor-version":[{"id":36057,"href":"https:\/\/www.allevamentoredwing.com\/fr\/wp-json\/wp\/v2\/posts\/36055\/revisions\/36057"}],"wp:featuredmedia":[{"embeddable":true,"href":"https:\/\/www.allevamentoredwing.com\/fr\/wp-json\/wp\/v2\/media\/8396"}],"wp:attachment":[{"href":"https:\/\/www.allevamentoredwing.com\/fr\/wp-json\/wp\/v2\/media?parent=36055"}],"wp:term":[{"taxonomy":"category","embeddable":true,"href":"https:\/\/www.allevamentoredwing.com\/fr\/wp-json\/wp\/v2\/categories?post=36055"},{"taxonomy":"post_tag","embeddable":true,"href":"https:\/\/www.allevamentoredwing.com\/fr\/wp-json\/wp\/v2\/tags?post=36055"}],"curies":[{"name":"wp","href":"https:\/\/api.w.org\/{rel}","templated":true}]}}