{"id":36002,"date":"2020-01-08T15:23:11","date_gmt":"2020-01-08T14:23:11","guid":{"rendered":"https:\/\/www.allevamentoredwing.com\/blog\/journal-de-bord-n3-janvier-activation-de-la-photoperiode\/"},"modified":"2026-02-02T15:21:13","modified_gmt":"2026-02-02T14:21:13","slug":"journal-de-bord-n3-janvier-activation-de-la-photoperiode","status":"publish","type":"post","link":"https:\/\/www.allevamentoredwing.com\/fr\/blog\/journal-de-bord-n3-janvier-activation-de-la-photoperiode\/","title":{"rendered":"Journal de bord n\u00b03 &#8211; Janvier &#8211; Activation de la photop\u00e9riode"},"content":{"rendered":"\n<p class=\"wp-block-paragraph\">  Nous sommes en <strong>janvier<\/strong>, les journ\u00e9es sont froides, le ciel est d\u00e9gag\u00e9, les couples d\u00e9j\u00e0 form\u00e9s en octobre ont eu le temps de cr\u00e9er des hi\u00e9rarchies dans les voli\u00e8res de la colonie et de prendre possession des territoires dans les couples fixes.  <\/p>\n\n<!--more-->\n\n<div class=\"wp-block-columns is-layout-flex wp-container-core-columns-is-layout-8f761849 wp-block-columns-is-layout-flex\">\n<div class=\"wp-block-column is-layout-flow wp-block-column-is-layout-flow\">\n<p class=\"wp-block-paragraph\">Pour <strong>les voli\u00e8res de rougequeues et de grands t\u00e9tras, c&#8217;est le bon moment pour commencer la photop\u00e9riode artificielle<\/strong>, anticipant ainsi la reproduction et \u00e9vitant le danger des moustiques \u00e0 l&#8217;approche des mois chauds. Les premiers jours de ce mois, la dur\u00e9e de la lumi\u00e8re du jour est d&#8217;<strong>un peu moins de 9 heures.<\/strong>  <br\/><\/p>\n<\/div>\n\n\n\n<div class=\"wp-block-column is-layout-flow wp-block-column-is-layout-flow\">\n<figure class=\"wp-block-image size-large\"><img loading=\"lazy\" decoding=\"async\" width=\"1024\" height=\"819\" src=\"https:\/\/www.allevamentoredwing.com\/wp-content\/uploads\/2020\/02\/PAS_1645-HDR-1024x819.jpg\" alt=\"\" class=\"wp-image-5666\" srcset=\"https:\/\/www.allevamentoredwing.com\/wp-content\/uploads\/2020\/02\/PAS_1645-HDR-1024x819.jpg 1024w, https:\/\/www.allevamentoredwing.com\/wp-content\/uploads\/2020\/02\/PAS_1645-HDR-300x240.jpg 300w, https:\/\/www.allevamentoredwing.com\/wp-content\/uploads\/2020\/02\/PAS_1645-HDR-768x614.jpg 768w, https:\/\/www.allevamentoredwing.com\/wp-content\/uploads\/2020\/02\/PAS_1645-HDR-600x480.jpg 600w, https:\/\/www.allevamentoredwing.com\/wp-content\/uploads\/2020\/02\/PAS_1645-HDR.jpg 1500w\" sizes=\"auto, (max-width: 1024px) 100vw, 1024px\" \/><\/figure>\n<\/div>\n<\/div>\n\n<div class=\"wp-block-columns is-layout-flex wp-container-core-columns-is-layout-8f761849 wp-block-columns-is-layout-flex\">\n<div class=\"wp-block-column is-layout-flow wp-block-column-is-layout-flow\">\n<figure class=\"wp-block-image size-large\"><img loading=\"lazy\" decoding=\"async\" width=\"1024\" height=\"683\" src=\"https:\/\/www.allevamentoredwing.com\/wp-content\/uploads\/2020\/01\/DSC_6646-1024x683.jpg\" alt=\"\" class=\"wp-image-5669\" srcset=\"https:\/\/www.allevamentoredwing.com\/wp-content\/uploads\/2020\/01\/DSC_6646-1024x683.jpg 1024w, https:\/\/www.allevamentoredwing.com\/wp-content\/uploads\/2020\/01\/DSC_6646-300x200.jpg 300w, https:\/\/www.allevamentoredwing.com\/wp-content\/uploads\/2020\/01\/DSC_6646-768x512.jpg 768w, https:\/\/www.allevamentoredwing.com\/wp-content\/uploads\/2020\/01\/DSC_6646-600x400.jpg 600w, https:\/\/www.allevamentoredwing.com\/wp-content\/uploads\/2020\/01\/DSC_6646.jpg 1500w\" sizes=\"auto, (max-width: 1024px) 100vw, 1024px\" \/><\/figure>\n<\/div>\n\n\n\n<div class=\"wp-block-column is-layout-flow wp-block-column-is-layout-flow\">\n<p class=\"wp-block-paragraph\">Une fois la photop\u00e9riode enclench\u00e9e, r\u00e9gl\u00e9e avec les m\u00eames heures de lumi\u00e8re naturelle, nous donnons un incr\u00e9ment quotidien de<strong> 5 minutes divis\u00e9 en 4 minutes au lever du soleil et 1 au coucher du soleil<\/strong>, en prenant soin de laisser le coucher du soleil naturel et d&#8217;anticiper le coucher artificiel de quelques minutes, une proc\u00e9dure qui permet aux \u00e9leveurs de garantir la perception de la fin de la journ\u00e9e. La dur\u00e9e de l&#8217;incr\u00e9ment sera d&#8217;environ <strong>80 jours<\/strong>, l&#8217;\u00e9valuation au cours du passage des jours s&#8217;arr\u00eatant en fonction des conditions m\u00e9t\u00e9orologiques.   <\/p>\n<\/div>\n<\/div>\n\n<p class=\"wp-block-paragraph\">La <strong>lumi\u00e8re est l&#8217;\u00e9l\u00e9ment principal<\/strong>, n\u00e9cessaire pour induire l&#8217;\u0153strus amoureux, l&#8217;accouplement et donc l&#8217;\u00e9closion, les autres facteurs importants \u00e9tant l&#8217;augmentation de la temp\u00e9rature, la pr\u00e9sence du m\u00e2le chanteur, la possibilit\u00e9 de construire le nid, l&#8217;alimentation, l&#8217;humidit\u00e9 et la pression atmosph\u00e9rique.  <\/p>\n\n<div class=\"wp-block-columns is-layout-flex wp-container-core-columns-is-layout-8f761849 wp-block-columns-is-layout-flex\">\n<div class=\"wp-block-column is-layout-flow wp-block-column-is-layout-flow\">\n<p class=\"wp-block-paragraph\">Pendant cette p\u00e9riode, l <strong>&#8216;alimentation en <\/strong> <strong>fruits <\/strong>et l&#8217;attention port\u00e9e aux <strong>changements d&#8217;eau quotidiens<\/strong> se poursuivent, de m\u00eame que l&#8217;observation des reproducteurs pour comprendre leurs possibilit\u00e9s de reproduction. Je pense que l&#8217;\u00e9levage peut \u00eatre am\u00e9lior\u00e9 en adoptant toutes les techniques n\u00e9cessaires, mais de mani\u00e8re rationnelle, sans trop &#8220;forcer&#8221; nos amis ail\u00e9s et ce qui se passe dans la nature.   <br\/><\/p>\n<\/div>\n\n\n\n<div class=\"wp-block-column is-layout-flow wp-block-column-is-layout-flow\">\n<figure class=\"wp-block-image size-large\"><img loading=\"lazy\" decoding=\"async\" width=\"1024\" height=\"683\" src=\"https:\/\/www.allevamentoredwing.com\/wp-content\/uploads\/2020\/01\/DSC6661-1024x683.jpg\" alt=\"\" class=\"wp-image-5675\" srcset=\"https:\/\/www.allevamentoredwing.com\/wp-content\/uploads\/2020\/01\/DSC6661-1024x683.jpg 1024w, https:\/\/www.allevamentoredwing.com\/wp-content\/uploads\/2020\/01\/DSC6661-300x200.jpg 300w, https:\/\/www.allevamentoredwing.com\/wp-content\/uploads\/2020\/01\/DSC6661-768x513.jpg 768w, https:\/\/www.allevamentoredwing.com\/wp-content\/uploads\/2020\/01\/DSC6661-600x400.jpg 600w, https:\/\/www.allevamentoredwing.com\/wp-content\/uploads\/2020\/01\/DSC6661.jpg 1500w\" sizes=\"auto, (max-width: 1024px) 100vw, 1024px\" \/><\/figure>\n<\/div>\n<\/div>\n","protected":false},"excerpt":{"rendered":"<p>Nous sommes en janvier, les journ\u00e9es sont froides, le ciel est d\u00e9gag\u00e9, les couples d\u00e9j\u00e0 form\u00e9s en octobre ont eu [&hellip;]<\/p>\n","protected":false},"author":2,"featured_media":8343,"comment_status":"open","ping_status":"open","sticky":false,"template":"","format":"standard","meta":{"_mo_disable_npp":"","footnotes":""},"categories":[342,347],"tags":[],"class_list":["post-36002","post","type-post","status-publish","format-standard","has-post-thumbnail","hentry","category-dernieres-nouvelles-du-blog","category-journal-delevage"],"yoast_head":"<!-- This site is optimized with the Yoast SEO plugin v28.2 - https:\/\/yoast.com\/product\/yoast-seo-wordpress\/ -->\n<title>Journal de bord n\u00b03 - Janvier - Activation de la photop\u00e9riode - Allevamento Redwing<\/title>\n<meta name=\"robots\" content=\"index, follow, max-snippet:-1, max-image-preview:large, max-video-preview:-1\" \/>\n<link rel=\"canonical\" href=\"https:\/\/www.allevamentoredwing.com\/fr\/blog\/journal-de-bord-n3-janvier-activation-de-la-photoperiode\/\" \/>\n<meta property=\"og:locale\" content=\"fr_FR\" \/>\n<meta property=\"og:type\" content=\"article\" \/>\n<meta property=\"og:title\" content=\"Journal de bord n\u00b03 - Janvier - Activation de la photop\u00e9riode - Allevamento Redwing\" \/>\n<meta property=\"og:description\" content=\"Nous sommes en janvier, les journ\u00e9es sont froides, le ciel est d\u00e9gag\u00e9, les couples d\u00e9j\u00e0 form\u00e9s en octobre ont eu [&hellip;]\" \/>\n<meta property=\"og:url\" content=\"https:\/\/www.allevamentoredwing.com\/fr\/blog\/journal-de-bord-n3-janvier-activation-de-la-photoperiode\/\" \/>\n<meta property=\"og:site_name\" content=\"Allevamento Redwing\" \/>\n<meta property=\"article:publisher\" content=\"https:\/\/www.facebook.com\/Allevamento-Redwing-1979803988953737\" \/>\n<meta property=\"article:published_time\" content=\"2020-01-08T14:23:11+00:00\" \/>\n<meta property=\"article:modified_time\" content=\"2026-02-02T14:21:13+00:00\" \/>\n<meta property=\"og:image\" content=\"https:\/\/www.allevamentoredwing.com\/wp-content\/uploads\/2020\/01\/DSC_6646.jpg\" \/>\n\t<meta property=\"og:image:width\" content=\"1500\" \/>\n\t<meta property=\"og:image:height\" content=\"1000\" \/>\n\t<meta property=\"og:image:type\" content=\"image\/jpeg\" \/>\n<meta name=\"author\" content=\"Firmo Bazzani\" \/>\n<meta name=\"twitter:card\" content=\"summary_large_image\" \/>\n<meta name=\"twitter:label1\" content=\"\u00c9crit par\" \/>\n\t<meta name=\"twitter:data1\" content=\"Firmo Bazzani\" \/>\n\t<meta name=\"twitter:label2\" content=\"Dur\u00e9e de lecture estim\u00e9e\" \/>\n\t<meta name=\"twitter:data2\" content=\"2 minutes\" \/>\n<script type=\"application\/ld+json\" class=\"yoast-schema-graph\">{\"@context\":\"https:\\\/\\\/schema.org\",\"@graph\":[{\"@type\":\"Article\",\"@id\":\"https:\\\/\\\/www.allevamentoredwing.com\\\/fr\\\/blog\\\/journal-de-bord-n3-janvier-activation-de-la-photoperiode\\\/#article\",\"isPartOf\":{\"@id\":\"https:\\\/\\\/www.allevamentoredwing.com\\\/fr\\\/blog\\\/journal-de-bord-n3-janvier-activation-de-la-photoperiode\\\/\"},\"author\":{\"name\":\"Firmo Bazzani\",\"@id\":\"https:\\\/\\\/www.allevamentoredwing.com\\\/fr\\\/#\\\/schema\\\/person\\\/ddaf18872ac3919f60ea25a1d46c7049\"},\"headline\":\"Journal de bord n\u00b03 &#8211; Janvier &#8211; Activation de la photop\u00e9riode\",\"datePublished\":\"2020-01-08T14:23:11+00:00\",\"dateModified\":\"2026-02-02T14:21:13+00:00\",\"mainEntityOfPage\":{\"@id\":\"https:\\\/\\\/www.allevamentoredwing.com\\\/fr\\\/blog\\\/journal-de-bord-n3-janvier-activation-de-la-photoperiode\\\/\"},\"wordCount\":350,\"commentCount\":0,\"publisher\":{\"@id\":\"https:\\\/\\\/www.allevamentoredwing.com\\\/fr\\\/#organization\"},\"image\":{\"@id\":\"https:\\\/\\\/www.allevamentoredwing.com\\\/fr\\\/blog\\\/journal-de-bord-n3-janvier-activation-de-la-photoperiode\\\/#primaryimage\"},\"thumbnailUrl\":\"https:\\\/\\\/www.allevamentoredwing.com\\\/wp-content\\\/uploads\\\/2020\\\/01\\\/DSC_6646.jpg\",\"articleSection\":[\"Derni\u00e8res nouvelles du blog\",\"Journal d'\u00e9levage\"],\"inLanguage\":\"fr-FR\",\"potentialAction\":[{\"@type\":\"CommentAction\",\"name\":\"Comment\",\"target\":[\"https:\\\/\\\/www.allevamentoredwing.com\\\/fr\\\/blog\\\/journal-de-bord-n3-janvier-activation-de-la-photoperiode\\\/#respond\"]}]},{\"@type\":\"WebPage\",\"@id\":\"https:\\\/\\\/www.allevamentoredwing.com\\\/fr\\\/blog\\\/journal-de-bord-n3-janvier-activation-de-la-photoperiode\\\/\",\"url\":\"https:\\\/\\\/www.allevamentoredwing.com\\\/fr\\\/blog\\\/journal-de-bord-n3-janvier-activation-de-la-photoperiode\\\/\",\"name\":\"Journal de bord n\u00b03 - Janvier - Activation de la photop\u00e9riode - Allevamento Redwing\",\"isPartOf\":{\"@id\":\"https:\\\/\\\/www.allevamentoredwing.com\\\/fr\\\/#website\"},\"primaryImageOfPage\":{\"@id\":\"https:\\\/\\\/www.allevamentoredwing.com\\\/fr\\\/blog\\\/journal-de-bord-n3-janvier-activation-de-la-photoperiode\\\/#primaryimage\"},\"image\":{\"@id\":\"https:\\\/\\\/www.allevamentoredwing.com\\\/fr\\\/blog\\\/journal-de-bord-n3-janvier-activation-de-la-photoperiode\\\/#primaryimage\"},\"thumbnailUrl\":\"https:\\\/\\\/www.allevamentoredwing.com\\\/wp-content\\\/uploads\\\/2020\\\/01\\\/DSC_6646.jpg\",\"datePublished\":\"2020-01-08T14:23:11+00:00\",\"dateModified\":\"2026-02-02T14:21:13+00:00\",\"breadcrumb\":{\"@id\":\"https:\\\/\\\/www.allevamentoredwing.com\\\/fr\\\/blog\\\/journal-de-bord-n3-janvier-activation-de-la-photoperiode\\\/#breadcrumb\"},\"inLanguage\":\"fr-FR\",\"potentialAction\":[{\"@type\":\"ReadAction\",\"target\":[\"https:\\\/\\\/www.allevamentoredwing.com\\\/fr\\\/blog\\\/journal-de-bord-n3-janvier-activation-de-la-photoperiode\\\/\"]}]},{\"@type\":\"ImageObject\",\"inLanguage\":\"fr-FR\",\"@id\":\"https:\\\/\\\/www.allevamentoredwing.com\\\/fr\\\/blog\\\/journal-de-bord-n3-janvier-activation-de-la-photoperiode\\\/#primaryimage\",\"url\":\"https:\\\/\\\/www.allevamentoredwing.com\\\/wp-content\\\/uploads\\\/2020\\\/01\\\/DSC_6646.jpg\",\"contentUrl\":\"https:\\\/\\\/www.allevamentoredwing.com\\\/wp-content\\\/uploads\\\/2020\\\/01\\\/DSC_6646.jpg\",\"width\":1500,\"height\":1000},{\"@type\":\"BreadcrumbList\",\"@id\":\"https:\\\/\\\/www.allevamentoredwing.com\\\/fr\\\/blog\\\/journal-de-bord-n3-janvier-activation-de-la-photoperiode\\\/#breadcrumb\",\"itemListElement\":[{\"@type\":\"ListItem\",\"position\":1,\"name\":\"Accueil\",\"item\":\"https:\\\/\\\/www.allevamentoredwing.com\\\/fr\\\/accueil\\\/\"},{\"@type\":\"ListItem\",\"position\":2,\"name\":\"Journal de bord n\u00b03 &#8211; Janvier &#8211; Activation de la photop\u00e9riode\"}]},{\"@type\":\"WebSite\",\"@id\":\"https:\\\/\\\/www.allevamentoredwing.com\\\/fr\\\/#website\",\"url\":\"https:\\\/\\\/www.allevamentoredwing.com\\\/fr\\\/\",\"name\":\"Allevamento Redwing\",\"description\":\"Tutto per l'allevamento dei volatili\",\"publisher\":{\"@id\":\"https:\\\/\\\/www.allevamentoredwing.com\\\/fr\\\/#organization\"},\"potentialAction\":[{\"@type\":\"SearchAction\",\"target\":{\"@type\":\"EntryPoint\",\"urlTemplate\":\"https:\\\/\\\/www.allevamentoredwing.com\\\/fr\\\/?s={search_term_string}\"},\"query-input\":{\"@type\":\"PropertyValueSpecification\",\"valueRequired\":true,\"valueName\":\"search_term_string\"}}],\"inLanguage\":\"fr-FR\"},{\"@type\":\"Organization\",\"@id\":\"https:\\\/\\\/www.allevamentoredwing.com\\\/fr\\\/#organization\",\"name\":\"Azienda Agricola \\\"Allevamento Redwing\\\" di Bazzani Firmo\",\"url\":\"https:\\\/\\\/www.allevamentoredwing.com\\\/fr\\\/\",\"logo\":{\"@type\":\"ImageObject\",\"inLanguage\":\"fr-FR\",\"@id\":\"https:\\\/\\\/www.allevamentoredwing.com\\\/fr\\\/#\\\/schema\\\/logo\\\/image\\\/\",\"url\":\"https:\\\/\\\/www.allevamentoredwing.com\\\/wp-content\\\/uploads\\\/2019\\\/10\\\/logo-allevamento-redwing.png\",\"contentUrl\":\"https:\\\/\\\/www.allevamentoredwing.com\\\/wp-content\\\/uploads\\\/2019\\\/10\\\/logo-allevamento-redwing.png\",\"width\":819,\"height\":608,\"caption\":\"Azienda Agricola \\\"Allevamento Redwing\\\" di Bazzani Firmo\"},\"image\":{\"@id\":\"https:\\\/\\\/www.allevamentoredwing.com\\\/fr\\\/#\\\/schema\\\/logo\\\/image\\\/\"},\"sameAs\":[\"https:\\\/\\\/www.facebook.com\\\/Allevamento-Redwing-1979803988953737\",\"https:\\\/\\\/www.instagram.com\\\/allevamento_redwing\\\/\",\"https:\\\/\\\/www.youtube.com\\\/channel\\\/UCTxa8prgvBGVInkp_pI0ShQ\"]},{\"@type\":\"Person\",\"@id\":\"https:\\\/\\\/www.allevamentoredwing.com\\\/fr\\\/#\\\/schema\\\/person\\\/ddaf18872ac3919f60ea25a1d46c7049\",\"name\":\"Firmo Bazzani\",\"image\":{\"@type\":\"ImageObject\",\"inLanguage\":\"fr-FR\",\"@id\":\"https:\\\/\\\/secure.gravatar.com\\\/avatar\\\/9a8ec13db9c63631a1336b3f9db20d4a5a9bf19805f69ab5e86180447325d195?s=96&d=mm&r=g\",\"url\":\"https:\\\/\\\/secure.gravatar.com\\\/avatar\\\/9a8ec13db9c63631a1336b3f9db20d4a5a9bf19805f69ab5e86180447325d195?s=96&d=mm&r=g\",\"contentUrl\":\"https:\\\/\\\/secure.gravatar.com\\\/avatar\\\/9a8ec13db9c63631a1336b3f9db20d4a5a9bf19805f69ab5e86180447325d195?s=96&d=mm&r=g\",\"caption\":\"Firmo Bazzani\"},\"description\":\"Il braccio e la mente di tutto l'allevamento.\",\"url\":\"https:\\\/\\\/www.allevamentoredwing.com\\\/fr\\\/blog\\\/author\\\/bazzani-firmo\\\/\"}]}<\/script>\n<!-- \/ Yoast SEO plugin. -->","yoast_head_json":{"title":"Journal de bord n\u00b03 - Janvier - Activation de la photop\u00e9riode - Allevamento Redwing","robots":{"index":"index","follow":"follow","max-snippet":"max-snippet:-1","max-image-preview":"max-image-preview:large","max-video-preview":"max-video-preview:-1"},"canonical":"https:\/\/www.allevamentoredwing.com\/fr\/blog\/journal-de-bord-n3-janvier-activation-de-la-photoperiode\/","og_locale":"fr_FR","og_type":"article","og_title":"Journal de bord n\u00b03 - Janvier - Activation de la photop\u00e9riode - Allevamento Redwing","og_description":"Nous sommes en janvier, les journ\u00e9es sont froides, le ciel est d\u00e9gag\u00e9, les couples d\u00e9j\u00e0 form\u00e9s en octobre ont eu [&hellip;]","og_url":"https:\/\/www.allevamentoredwing.com\/fr\/blog\/journal-de-bord-n3-janvier-activation-de-la-photoperiode\/","og_site_name":"Allevamento Redwing","article_publisher":"https:\/\/www.facebook.com\/Allevamento-Redwing-1979803988953737","article_published_time":"2020-01-08T14:23:11+00:00","article_modified_time":"2026-02-02T14:21:13+00:00","og_image":[{"width":1500,"height":1000,"url":"https:\/\/www.allevamentoredwing.com\/wp-content\/uploads\/2020\/01\/DSC_6646.jpg","type":"image\/jpeg"}],"author":"Firmo Bazzani","twitter_card":"summary_large_image","twitter_misc":{"\u00c9crit par":"Firmo Bazzani","Dur\u00e9e de lecture estim\u00e9e":"2 minutes"},"schema":{"@context":"https:\/\/schema.org","@graph":[{"@type":"Article","@id":"https:\/\/www.allevamentoredwing.com\/fr\/blog\/journal-de-bord-n3-janvier-activation-de-la-photoperiode\/#article","isPartOf":{"@id":"https:\/\/www.allevamentoredwing.com\/fr\/blog\/journal-de-bord-n3-janvier-activation-de-la-photoperiode\/"},"author":{"name":"Firmo Bazzani","@id":"https:\/\/www.allevamentoredwing.com\/fr\/#\/schema\/person\/ddaf18872ac3919f60ea25a1d46c7049"},"headline":"Journal de bord n\u00b03 &#8211; Janvier &#8211; Activation de la photop\u00e9riode","datePublished":"2020-01-08T14:23:11+00:00","dateModified":"2026-02-02T14:21:13+00:00","mainEntityOfPage":{"@id":"https:\/\/www.allevamentoredwing.com\/fr\/blog\/journal-de-bord-n3-janvier-activation-de-la-photoperiode\/"},"wordCount":350,"commentCount":0,"publisher":{"@id":"https:\/\/www.allevamentoredwing.com\/fr\/#organization"},"image":{"@id":"https:\/\/www.allevamentoredwing.com\/fr\/blog\/journal-de-bord-n3-janvier-activation-de-la-photoperiode\/#primaryimage"},"thumbnailUrl":"https:\/\/www.allevamentoredwing.com\/wp-content\/uploads\/2020\/01\/DSC_6646.jpg","articleSection":["Derni\u00e8res nouvelles du blog","Journal d'\u00e9levage"],"inLanguage":"fr-FR","potentialAction":[{"@type":"CommentAction","name":"Comment","target":["https:\/\/www.allevamentoredwing.com\/fr\/blog\/journal-de-bord-n3-janvier-activation-de-la-photoperiode\/#respond"]}]},{"@type":"WebPage","@id":"https:\/\/www.allevamentoredwing.com\/fr\/blog\/journal-de-bord-n3-janvier-activation-de-la-photoperiode\/","url":"https:\/\/www.allevamentoredwing.com\/fr\/blog\/journal-de-bord-n3-janvier-activation-de-la-photoperiode\/","name":"Journal de bord n\u00b03 - Janvier - Activation de la photop\u00e9riode - Allevamento Redwing","isPartOf":{"@id":"https:\/\/www.allevamentoredwing.com\/fr\/#website"},"primaryImageOfPage":{"@id":"https:\/\/www.allevamentoredwing.com\/fr\/blog\/journal-de-bord-n3-janvier-activation-de-la-photoperiode\/#primaryimage"},"image":{"@id":"https:\/\/www.allevamentoredwing.com\/fr\/blog\/journal-de-bord-n3-janvier-activation-de-la-photoperiode\/#primaryimage"},"thumbnailUrl":"https:\/\/www.allevamentoredwing.com\/wp-content\/uploads\/2020\/01\/DSC_6646.jpg","datePublished":"2020-01-08T14:23:11+00:00","dateModified":"2026-02-02T14:21:13+00:00","breadcrumb":{"@id":"https:\/\/www.allevamentoredwing.com\/fr\/blog\/journal-de-bord-n3-janvier-activation-de-la-photoperiode\/#breadcrumb"},"inLanguage":"fr-FR","potentialAction":[{"@type":"ReadAction","target":["https:\/\/www.allevamentoredwing.com\/fr\/blog\/journal-de-bord-n3-janvier-activation-de-la-photoperiode\/"]}]},{"@type":"ImageObject","inLanguage":"fr-FR","@id":"https:\/\/www.allevamentoredwing.com\/fr\/blog\/journal-de-bord-n3-janvier-activation-de-la-photoperiode\/#primaryimage","url":"https:\/\/www.allevamentoredwing.com\/wp-content\/uploads\/2020\/01\/DSC_6646.jpg","contentUrl":"https:\/\/www.allevamentoredwing.com\/wp-content\/uploads\/2020\/01\/DSC_6646.jpg","width":1500,"height":1000},{"@type":"BreadcrumbList","@id":"https:\/\/www.allevamentoredwing.com\/fr\/blog\/journal-de-bord-n3-janvier-activation-de-la-photoperiode\/#breadcrumb","itemListElement":[{"@type":"ListItem","position":1,"name":"Accueil","item":"https:\/\/www.allevamentoredwing.com\/fr\/accueil\/"},{"@type":"ListItem","position":2,"name":"Journal de bord n\u00b03 &#8211; Janvier &#8211; Activation de la photop\u00e9riode"}]},{"@type":"WebSite","@id":"https:\/\/www.allevamentoredwing.com\/fr\/#website","url":"https:\/\/www.allevamentoredwing.com\/fr\/","name":"Allevamento Redwing","description":"Tutto per l'allevamento dei volatili","publisher":{"@id":"https:\/\/www.allevamentoredwing.com\/fr\/#organization"},"potentialAction":[{"@type":"SearchAction","target":{"@type":"EntryPoint","urlTemplate":"https:\/\/www.allevamentoredwing.com\/fr\/?s={search_term_string}"},"query-input":{"@type":"PropertyValueSpecification","valueRequired":true,"valueName":"search_term_string"}}],"inLanguage":"fr-FR"},{"@type":"Organization","@id":"https:\/\/www.allevamentoredwing.com\/fr\/#organization","name":"Azienda Agricola \"Allevamento Redwing\" di Bazzani Firmo","url":"https:\/\/www.allevamentoredwing.com\/fr\/","logo":{"@type":"ImageObject","inLanguage":"fr-FR","@id":"https:\/\/www.allevamentoredwing.com\/fr\/#\/schema\/logo\/image\/","url":"https:\/\/www.allevamentoredwing.com\/wp-content\/uploads\/2019\/10\/logo-allevamento-redwing.png","contentUrl":"https:\/\/www.allevamentoredwing.com\/wp-content\/uploads\/2019\/10\/logo-allevamento-redwing.png","width":819,"height":608,"caption":"Azienda Agricola \"Allevamento Redwing\" di Bazzani Firmo"},"image":{"@id":"https:\/\/www.allevamentoredwing.com\/fr\/#\/schema\/logo\/image\/"},"sameAs":["https:\/\/www.facebook.com\/Allevamento-Redwing-1979803988953737","https:\/\/www.instagram.com\/allevamento_redwing\/","https:\/\/www.youtube.com\/channel\/UCTxa8prgvBGVInkp_pI0ShQ"]},{"@type":"Person","@id":"https:\/\/www.allevamentoredwing.com\/fr\/#\/schema\/person\/ddaf18872ac3919f60ea25a1d46c7049","name":"Firmo Bazzani","image":{"@type":"ImageObject","inLanguage":"fr-FR","@id":"https:\/\/secure.gravatar.com\/avatar\/9a8ec13db9c63631a1336b3f9db20d4a5a9bf19805f69ab5e86180447325d195?s=96&d=mm&r=g","url":"https:\/\/secure.gravatar.com\/avatar\/9a8ec13db9c63631a1336b3f9db20d4a5a9bf19805f69ab5e86180447325d195?s=96&d=mm&r=g","contentUrl":"https:\/\/secure.gravatar.com\/avatar\/9a8ec13db9c63631a1336b3f9db20d4a5a9bf19805f69ab5e86180447325d195?s=96&d=mm&r=g","caption":"Firmo Bazzani"},"description":"Il braccio e la mente di tutto l'allevamento.","url":"https:\/\/www.allevamentoredwing.com\/fr\/blog\/author\/bazzani-firmo\/"}]}},"_links":{"self":[{"href":"https:\/\/www.allevamentoredwing.com\/fr\/wp-json\/wp\/v2\/posts\/36002","targetHints":{"allow":["GET"]}}],"collection":[{"href":"https:\/\/www.allevamentoredwing.com\/fr\/wp-json\/wp\/v2\/posts"}],"about":[{"href":"https:\/\/www.allevamentoredwing.com\/fr\/wp-json\/wp\/v2\/types\/post"}],"author":[{"embeddable":true,"href":"https:\/\/www.allevamentoredwing.com\/fr\/wp-json\/wp\/v2\/users\/2"}],"replies":[{"embeddable":true,"href":"https:\/\/www.allevamentoredwing.com\/fr\/wp-json\/wp\/v2\/comments?post=36002"}],"version-history":[{"count":1,"href":"https:\/\/www.allevamentoredwing.com\/fr\/wp-json\/wp\/v2\/posts\/36002\/revisions"}],"predecessor-version":[{"id":36003,"href":"https:\/\/www.allevamentoredwing.com\/fr\/wp-json\/wp\/v2\/posts\/36002\/revisions\/36003"}],"wp:featuredmedia":[{"embeddable":true,"href":"https:\/\/www.allevamentoredwing.com\/fr\/wp-json\/wp\/v2\/media\/8343"}],"wp:attachment":[{"href":"https:\/\/www.allevamentoredwing.com\/fr\/wp-json\/wp\/v2\/media?parent=36002"}],"wp:term":[{"taxonomy":"category","embeddable":true,"href":"https:\/\/www.allevamentoredwing.com\/fr\/wp-json\/wp\/v2\/categories?post=36002"},{"taxonomy":"post_tag","embeddable":true,"href":"https:\/\/www.allevamentoredwing.com\/fr\/wp-json\/wp\/v2\/tags?post=36002"}],"curies":[{"name":"wp","href":"https:\/\/api.w.org\/{rel}","templated":true}]}}