{"id":35992,"date":"2019-12-01T13:00:00","date_gmt":"2019-12-01T12:00:00","guid":{"rendered":"https:\/\/www.allevamentoredwing.com\/blog\/agenda-2-decembre-les-jours-froids-la-solution-des-fruits\/"},"modified":"2026-02-02T15:21:12","modified_gmt":"2026-02-02T14:21:12","slug":"agenda-2-decembre-les-jours-froids-la-solution-des-fruits","status":"publish","type":"post","link":"https:\/\/www.allevamentoredwing.com\/fr\/blog\/agenda-2-decembre-les-jours-froids-la-solution-des-fruits\/","title":{"rendered":"Agenda 2 &#8211; D\u00e9cembre &#8211; Les jours froids, la solution des fruits"},"content":{"rendered":"\n<p class=\"wp-block-paragraph\">Nous sommes en <strong>plein hiver<\/strong> depuis un certain temps, les <strong>journ\u00e9es sont froides<\/strong> et la consommation de <strong>calories <\/strong>des \u00e9leveurs change constamment en fonction \u00e9galement des <strong>temp\u00e9ratures<\/strong>, nous pouvons le remarquer parce qu&#8217;<strong>ils ont tendance \u00e0 se nourrir davantage.<\/strong> Ce besoin est d\u00fb \u00e0 la<strong> demande accrue d&#8217;hydrates de carbone et de sucres<\/strong>, qui contribuent au m\u00e9canisme physiologique complexe de l&#8217;hom\u00e9othermie, c&#8217;est-\u00e0-dire au processus de r\u00e9gulation de la temp\u00e9rature corporelle.   <\/p>\n\n<!--more-->\n\n<div class=\"wp-block-columns is-layout-flex wp-container-core-columns-is-layout-8f761849 wp-block-columns-is-layout-flex\">\n<div class=\"wp-block-column is-layout-flow wp-block-column-is-layout-flow\" style=\"flex-basis:25%\">\n<figure class=\"wp-block-image size-large no-margin-left\"><img loading=\"lazy\" decoding=\"async\" width=\"683\" height=\"1024\" src=\"https:\/\/www.allevamentoredwing.com\/wp-content\/uploads\/2020\/01\/PAS_1218-683x1024.jpg\" alt=\"\" class=\"wp-image-5196\" srcset=\"https:\/\/www.allevamentoredwing.com\/wp-content\/uploads\/2020\/01\/PAS_1218-683x1024.jpg 683w, https:\/\/www.allevamentoredwing.com\/wp-content\/uploads\/2020\/01\/PAS_1218-200x300.jpg 200w, https:\/\/www.allevamentoredwing.com\/wp-content\/uploads\/2020\/01\/PAS_1218-768x1151.jpg 768w, https:\/\/www.allevamentoredwing.com\/wp-content\/uploads\/2020\/01\/PAS_1218-600x899.jpg 600w, https:\/\/www.allevamentoredwing.com\/wp-content\/uploads\/2020\/01\/PAS_1218.jpg 1001w\" sizes=\"auto, (max-width: 683px) 100vw, 683px\" \/><\/figure>\n<\/div>\n\n\n\n<div class=\"wp-block-column is-layout-flow wp-block-column-is-layout-flow\" style=\"flex-basis:75%\">\n<p class=\"wp-block-paragraph\"><strong> Les fruits sont indispensables<\/strong> aux turdid\u00e9s et doivent donc toujours \u00eatre donn\u00e9s en quantit\u00e9s rationnelles. Pendant la saison froide, les turdid\u00e9s <strong>sauvages<\/strong> trouvent principalement des fruits <strong>(baies, lierre, sorbier, arbousier,<\/strong> etc.), donc les fruits (de pr\u00e9f\u00e9rence de saison) ne devraient pas manquer dans nos voli\u00e8res. <br\/>Les fruits ont plusieurs propri\u00e9t\u00e9s dont celle de r\u00e9gulariser les fonctions intestinales et celle de <strong>r\u00e9tablir l&#8217;\u00e9quilibre acido-basique<\/strong>, d&#8217;augmenter la r\u00e9serve alcaline dans le sang et de <strong>d\u00e9toxifier l&#8217;organisme.<\/strong> Les fruits sont principalement compos\u00e9s d&#8217;eau (83 \u00e0 90 %), avec de <strong>faibles pourcentages de prot\u00e9ines et de graisses, de bonnes quantit\u00e9s d&#8217;hydrates de carbone <\/strong>(8 \u00e0 17 %), de <strong>divers min\u00e9raux<\/strong>(tels que le potassium, le sodium, le calcium, le magn\u00e9sium et le phosphore) et de vitamines C, A, PP, B. Les fruits doivent provenir de <strong>cultures respectueuses de l&#8217;environnement<\/strong> et <strong>ne doivent pas <\/strong>avoir subi <strong>trop de traitements chimiques<\/strong>.   <\/p>\n<\/div>\n<\/div>\n\n<figure class=\"wp-block-embed-youtube aligncenter wp-block-embed is-type-video is-provider-youtube wp-embed-aspect-16-9 wp-has-aspect-ratio\"><div class=\"wp-block-embed__wrapper\">\n<iframe loading=\"lazy\" title=\"Tordo Sassello - Frutta\" width=\"640\" height=\"360\" src=\"https:\/\/www.youtube.com\/embed\/FDYlO4uyMFo?feature=oembed\" frameborder=\"0\" allow=\"accelerometer; autoplay; clipboard-write; encrypted-media; gyroscope; picture-in-picture; web-share\" referrerpolicy=\"strict-origin-when-cross-origin\" allowfullscreen><\/iframe>\n<\/div><\/figure>\n","protected":false},"excerpt":{"rendered":"<p>R\u00e9sum\u00e9<\/p>\n","protected":false},"author":2,"featured_media":8299,"comment_status":"open","ping_status":"open","sticky":false,"template":"","format":"standard","meta":{"_mo_disable_npp":"","footnotes":""},"categories":[342,347],"tags":[],"class_list":["post-35992","post","type-post","status-publish","format-standard","has-post-thumbnail","hentry","category-dernieres-nouvelles-du-blog","category-journal-delevage"],"yoast_head":"<!-- This site is optimized with the Yoast SEO plugin v28.2 - https:\/\/yoast.com\/product\/yoast-seo-wordpress\/ -->\n<title>Agenda 2 - D\u00e9cembre - Les jours froids, la solution des fruits - Allevamento Redwing<\/title>\n<meta name=\"robots\" content=\"index, follow, max-snippet:-1, max-image-preview:large, max-video-preview:-1\" \/>\n<link rel=\"canonical\" href=\"https:\/\/www.allevamentoredwing.com\/fr\/blog\/agenda-2-decembre-les-jours-froids-la-solution-des-fruits\/\" \/>\n<meta property=\"og:locale\" content=\"fr_FR\" \/>\n<meta property=\"og:type\" content=\"article\" \/>\n<meta property=\"og:title\" content=\"Agenda 2 - D\u00e9cembre - Les jours froids, la solution des fruits - Allevamento Redwing\" \/>\n<meta property=\"og:description\" content=\"R\u00e9sum\u00e9\" \/>\n<meta property=\"og:url\" content=\"https:\/\/www.allevamentoredwing.com\/fr\/blog\/agenda-2-decembre-les-jours-froids-la-solution-des-fruits\/\" \/>\n<meta property=\"og:site_name\" content=\"Allevamento Redwing\" \/>\n<meta property=\"article:publisher\" content=\"https:\/\/www.facebook.com\/Allevamento-Redwing-1979803988953737\" \/>\n<meta property=\"article:published_time\" content=\"2019-12-01T12:00:00+00:00\" \/>\n<meta property=\"article:modified_time\" content=\"2026-02-02T14:21:12+00:00\" \/>\n<meta property=\"og:image\" content=\"https:\/\/www.allevamentoredwing.com\/wp-content\/uploads\/2019\/12\/DSC_6720.jpg\" \/>\n\t<meta property=\"og:image:width\" content=\"1500\" \/>\n\t<meta property=\"og:image:height\" content=\"1000\" \/>\n\t<meta property=\"og:image:type\" content=\"image\/jpeg\" \/>\n<meta name=\"author\" content=\"Firmo Bazzani\" \/>\n<meta name=\"twitter:card\" content=\"summary_large_image\" \/>\n<meta name=\"twitter:label1\" content=\"\u00c9crit par\" \/>\n\t<meta name=\"twitter:data1\" content=\"Firmo Bazzani\" \/>\n\t<meta name=\"twitter:label2\" content=\"Dur\u00e9e de lecture estim\u00e9e\" \/>\n\t<meta name=\"twitter:data2\" content=\"1 minute\" \/>\n<script type=\"application\/ld+json\" class=\"yoast-schema-graph\">{\"@context\":\"https:\\\/\\\/schema.org\",\"@graph\":[{\"@type\":\"Article\",\"@id\":\"https:\\\/\\\/www.allevamentoredwing.com\\\/fr\\\/blog\\\/agenda-2-decembre-les-jours-froids-la-solution-des-fruits\\\/#article\",\"isPartOf\":{\"@id\":\"https:\\\/\\\/www.allevamentoredwing.com\\\/fr\\\/blog\\\/agenda-2-decembre-les-jours-froids-la-solution-des-fruits\\\/\"},\"author\":{\"name\":\"Firmo Bazzani\",\"@id\":\"https:\\\/\\\/www.allevamentoredwing.com\\\/fr\\\/#\\\/schema\\\/person\\\/ddaf18872ac3919f60ea25a1d46c7049\"},\"headline\":\"Agenda 2 &#8211; D\u00e9cembre &#8211; Les jours froids, la solution des fruits\",\"datePublished\":\"2019-12-01T12:00:00+00:00\",\"dateModified\":\"2026-02-02T14:21:12+00:00\",\"mainEntityOfPage\":{\"@id\":\"https:\\\/\\\/www.allevamentoredwing.com\\\/fr\\\/blog\\\/agenda-2-decembre-les-jours-froids-la-solution-des-fruits\\\/\"},\"wordCount\":264,\"commentCount\":0,\"publisher\":{\"@id\":\"https:\\\/\\\/www.allevamentoredwing.com\\\/fr\\\/#organization\"},\"image\":{\"@id\":\"https:\\\/\\\/www.allevamentoredwing.com\\\/fr\\\/blog\\\/agenda-2-decembre-les-jours-froids-la-solution-des-fruits\\\/#primaryimage\"},\"thumbnailUrl\":\"https:\\\/\\\/www.allevamentoredwing.com\\\/wp-content\\\/uploads\\\/2019\\\/12\\\/DSC_6720.jpg\",\"articleSection\":[\"Derni\u00e8res nouvelles du blog\",\"Journal d'\u00e9levage\"],\"inLanguage\":\"fr-FR\",\"potentialAction\":[{\"@type\":\"CommentAction\",\"name\":\"Comment\",\"target\":[\"https:\\\/\\\/www.allevamentoredwing.com\\\/fr\\\/blog\\\/agenda-2-decembre-les-jours-froids-la-solution-des-fruits\\\/#respond\"]}]},{\"@type\":\"WebPage\",\"@id\":\"https:\\\/\\\/www.allevamentoredwing.com\\\/fr\\\/blog\\\/agenda-2-decembre-les-jours-froids-la-solution-des-fruits\\\/\",\"url\":\"https:\\\/\\\/www.allevamentoredwing.com\\\/fr\\\/blog\\\/agenda-2-decembre-les-jours-froids-la-solution-des-fruits\\\/\",\"name\":\"Agenda 2 - D\u00e9cembre - Les jours froids, la solution des fruits - Allevamento Redwing\",\"isPartOf\":{\"@id\":\"https:\\\/\\\/www.allevamentoredwing.com\\\/fr\\\/#website\"},\"primaryImageOfPage\":{\"@id\":\"https:\\\/\\\/www.allevamentoredwing.com\\\/fr\\\/blog\\\/agenda-2-decembre-les-jours-froids-la-solution-des-fruits\\\/#primaryimage\"},\"image\":{\"@id\":\"https:\\\/\\\/www.allevamentoredwing.com\\\/fr\\\/blog\\\/agenda-2-decembre-les-jours-froids-la-solution-des-fruits\\\/#primaryimage\"},\"thumbnailUrl\":\"https:\\\/\\\/www.allevamentoredwing.com\\\/wp-content\\\/uploads\\\/2019\\\/12\\\/DSC_6720.jpg\",\"datePublished\":\"2019-12-01T12:00:00+00:00\",\"dateModified\":\"2026-02-02T14:21:12+00:00\",\"breadcrumb\":{\"@id\":\"https:\\\/\\\/www.allevamentoredwing.com\\\/fr\\\/blog\\\/agenda-2-decembre-les-jours-froids-la-solution-des-fruits\\\/#breadcrumb\"},\"inLanguage\":\"fr-FR\",\"potentialAction\":[{\"@type\":\"ReadAction\",\"target\":[\"https:\\\/\\\/www.allevamentoredwing.com\\\/fr\\\/blog\\\/agenda-2-decembre-les-jours-froids-la-solution-des-fruits\\\/\"]}]},{\"@type\":\"ImageObject\",\"inLanguage\":\"fr-FR\",\"@id\":\"https:\\\/\\\/www.allevamentoredwing.com\\\/fr\\\/blog\\\/agenda-2-decembre-les-jours-froids-la-solution-des-fruits\\\/#primaryimage\",\"url\":\"https:\\\/\\\/www.allevamentoredwing.com\\\/wp-content\\\/uploads\\\/2019\\\/12\\\/DSC_6720.jpg\",\"contentUrl\":\"https:\\\/\\\/www.allevamentoredwing.com\\\/wp-content\\\/uploads\\\/2019\\\/12\\\/DSC_6720.jpg\",\"width\":1500,\"height\":1000},{\"@type\":\"BreadcrumbList\",\"@id\":\"https:\\\/\\\/www.allevamentoredwing.com\\\/fr\\\/blog\\\/agenda-2-decembre-les-jours-froids-la-solution-des-fruits\\\/#breadcrumb\",\"itemListElement\":[{\"@type\":\"ListItem\",\"position\":1,\"name\":\"Accueil\",\"item\":\"https:\\\/\\\/www.allevamentoredwing.com\\\/fr\\\/accueil\\\/\"},{\"@type\":\"ListItem\",\"position\":2,\"name\":\"Agenda 2 &#8211; D\u00e9cembre &#8211; Les jours froids, la solution des fruits\"}]},{\"@type\":\"WebSite\",\"@id\":\"https:\\\/\\\/www.allevamentoredwing.com\\\/fr\\\/#website\",\"url\":\"https:\\\/\\\/www.allevamentoredwing.com\\\/fr\\\/\",\"name\":\"Allevamento Redwing\",\"description\":\"Tutto per l'allevamento dei volatili\",\"publisher\":{\"@id\":\"https:\\\/\\\/www.allevamentoredwing.com\\\/fr\\\/#organization\"},\"potentialAction\":[{\"@type\":\"SearchAction\",\"target\":{\"@type\":\"EntryPoint\",\"urlTemplate\":\"https:\\\/\\\/www.allevamentoredwing.com\\\/fr\\\/?s={search_term_string}\"},\"query-input\":{\"@type\":\"PropertyValueSpecification\",\"valueRequired\":true,\"valueName\":\"search_term_string\"}}],\"inLanguage\":\"fr-FR\"},{\"@type\":\"Organization\",\"@id\":\"https:\\\/\\\/www.allevamentoredwing.com\\\/fr\\\/#organization\",\"name\":\"Azienda Agricola \\\"Allevamento Redwing\\\" di Bazzani Firmo\",\"url\":\"https:\\\/\\\/www.allevamentoredwing.com\\\/fr\\\/\",\"logo\":{\"@type\":\"ImageObject\",\"inLanguage\":\"fr-FR\",\"@id\":\"https:\\\/\\\/www.allevamentoredwing.com\\\/fr\\\/#\\\/schema\\\/logo\\\/image\\\/\",\"url\":\"https:\\\/\\\/www.allevamentoredwing.com\\\/wp-content\\\/uploads\\\/2019\\\/10\\\/logo-allevamento-redwing.png\",\"contentUrl\":\"https:\\\/\\\/www.allevamentoredwing.com\\\/wp-content\\\/uploads\\\/2019\\\/10\\\/logo-allevamento-redwing.png\",\"width\":819,\"height\":608,\"caption\":\"Azienda Agricola \\\"Allevamento Redwing\\\" di Bazzani Firmo\"},\"image\":{\"@id\":\"https:\\\/\\\/www.allevamentoredwing.com\\\/fr\\\/#\\\/schema\\\/logo\\\/image\\\/\"},\"sameAs\":[\"https:\\\/\\\/www.facebook.com\\\/Allevamento-Redwing-1979803988953737\",\"https:\\\/\\\/www.instagram.com\\\/allevamento_redwing\\\/\",\"https:\\\/\\\/www.youtube.com\\\/channel\\\/UCTxa8prgvBGVInkp_pI0ShQ\"]},{\"@type\":\"Person\",\"@id\":\"https:\\\/\\\/www.allevamentoredwing.com\\\/fr\\\/#\\\/schema\\\/person\\\/ddaf18872ac3919f60ea25a1d46c7049\",\"name\":\"Firmo Bazzani\",\"image\":{\"@type\":\"ImageObject\",\"inLanguage\":\"fr-FR\",\"@id\":\"https:\\\/\\\/secure.gravatar.com\\\/avatar\\\/9a8ec13db9c63631a1336b3f9db20d4a5a9bf19805f69ab5e86180447325d195?s=96&d=mm&r=g\",\"url\":\"https:\\\/\\\/secure.gravatar.com\\\/avatar\\\/9a8ec13db9c63631a1336b3f9db20d4a5a9bf19805f69ab5e86180447325d195?s=96&d=mm&r=g\",\"contentUrl\":\"https:\\\/\\\/secure.gravatar.com\\\/avatar\\\/9a8ec13db9c63631a1336b3f9db20d4a5a9bf19805f69ab5e86180447325d195?s=96&d=mm&r=g\",\"caption\":\"Firmo Bazzani\"},\"description\":\"Il braccio e la mente di tutto l'allevamento.\",\"url\":\"https:\\\/\\\/www.allevamentoredwing.com\\\/fr\\\/blog\\\/author\\\/bazzani-firmo\\\/\"}]}<\/script>\n<!-- \/ Yoast SEO plugin. -->","yoast_head_json":{"title":"Agenda 2 - D\u00e9cembre - Les jours froids, la solution des fruits - Allevamento Redwing","robots":{"index":"index","follow":"follow","max-snippet":"max-snippet:-1","max-image-preview":"max-image-preview:large","max-video-preview":"max-video-preview:-1"},"canonical":"https:\/\/www.allevamentoredwing.com\/fr\/blog\/agenda-2-decembre-les-jours-froids-la-solution-des-fruits\/","og_locale":"fr_FR","og_type":"article","og_title":"Agenda 2 - D\u00e9cembre - Les jours froids, la solution des fruits - Allevamento Redwing","og_description":"R\u00e9sum\u00e9","og_url":"https:\/\/www.allevamentoredwing.com\/fr\/blog\/agenda-2-decembre-les-jours-froids-la-solution-des-fruits\/","og_site_name":"Allevamento Redwing","article_publisher":"https:\/\/www.facebook.com\/Allevamento-Redwing-1979803988953737","article_published_time":"2019-12-01T12:00:00+00:00","article_modified_time":"2026-02-02T14:21:12+00:00","og_image":[{"width":1500,"height":1000,"url":"https:\/\/www.allevamentoredwing.com\/wp-content\/uploads\/2019\/12\/DSC_6720.jpg","type":"image\/jpeg"}],"author":"Firmo Bazzani","twitter_card":"summary_large_image","twitter_misc":{"\u00c9crit par":"Firmo Bazzani","Dur\u00e9e de lecture estim\u00e9e":"1 minute"},"schema":{"@context":"https:\/\/schema.org","@graph":[{"@type":"Article","@id":"https:\/\/www.allevamentoredwing.com\/fr\/blog\/agenda-2-decembre-les-jours-froids-la-solution-des-fruits\/#article","isPartOf":{"@id":"https:\/\/www.allevamentoredwing.com\/fr\/blog\/agenda-2-decembre-les-jours-froids-la-solution-des-fruits\/"},"author":{"name":"Firmo Bazzani","@id":"https:\/\/www.allevamentoredwing.com\/fr\/#\/schema\/person\/ddaf18872ac3919f60ea25a1d46c7049"},"headline":"Agenda 2 &#8211; D\u00e9cembre &#8211; Les jours froids, la solution des fruits","datePublished":"2019-12-01T12:00:00+00:00","dateModified":"2026-02-02T14:21:12+00:00","mainEntityOfPage":{"@id":"https:\/\/www.allevamentoredwing.com\/fr\/blog\/agenda-2-decembre-les-jours-froids-la-solution-des-fruits\/"},"wordCount":264,"commentCount":0,"publisher":{"@id":"https:\/\/www.allevamentoredwing.com\/fr\/#organization"},"image":{"@id":"https:\/\/www.allevamentoredwing.com\/fr\/blog\/agenda-2-decembre-les-jours-froids-la-solution-des-fruits\/#primaryimage"},"thumbnailUrl":"https:\/\/www.allevamentoredwing.com\/wp-content\/uploads\/2019\/12\/DSC_6720.jpg","articleSection":["Derni\u00e8res nouvelles du blog","Journal d'\u00e9levage"],"inLanguage":"fr-FR","potentialAction":[{"@type":"CommentAction","name":"Comment","target":["https:\/\/www.allevamentoredwing.com\/fr\/blog\/agenda-2-decembre-les-jours-froids-la-solution-des-fruits\/#respond"]}]},{"@type":"WebPage","@id":"https:\/\/www.allevamentoredwing.com\/fr\/blog\/agenda-2-decembre-les-jours-froids-la-solution-des-fruits\/","url":"https:\/\/www.allevamentoredwing.com\/fr\/blog\/agenda-2-decembre-les-jours-froids-la-solution-des-fruits\/","name":"Agenda 2 - D\u00e9cembre - Les jours froids, la solution des fruits - Allevamento Redwing","isPartOf":{"@id":"https:\/\/www.allevamentoredwing.com\/fr\/#website"},"primaryImageOfPage":{"@id":"https:\/\/www.allevamentoredwing.com\/fr\/blog\/agenda-2-decembre-les-jours-froids-la-solution-des-fruits\/#primaryimage"},"image":{"@id":"https:\/\/www.allevamentoredwing.com\/fr\/blog\/agenda-2-decembre-les-jours-froids-la-solution-des-fruits\/#primaryimage"},"thumbnailUrl":"https:\/\/www.allevamentoredwing.com\/wp-content\/uploads\/2019\/12\/DSC_6720.jpg","datePublished":"2019-12-01T12:00:00+00:00","dateModified":"2026-02-02T14:21:12+00:00","breadcrumb":{"@id":"https:\/\/www.allevamentoredwing.com\/fr\/blog\/agenda-2-decembre-les-jours-froids-la-solution-des-fruits\/#breadcrumb"},"inLanguage":"fr-FR","potentialAction":[{"@type":"ReadAction","target":["https:\/\/www.allevamentoredwing.com\/fr\/blog\/agenda-2-decembre-les-jours-froids-la-solution-des-fruits\/"]}]},{"@type":"ImageObject","inLanguage":"fr-FR","@id":"https:\/\/www.allevamentoredwing.com\/fr\/blog\/agenda-2-decembre-les-jours-froids-la-solution-des-fruits\/#primaryimage","url":"https:\/\/www.allevamentoredwing.com\/wp-content\/uploads\/2019\/12\/DSC_6720.jpg","contentUrl":"https:\/\/www.allevamentoredwing.com\/wp-content\/uploads\/2019\/12\/DSC_6720.jpg","width":1500,"height":1000},{"@type":"BreadcrumbList","@id":"https:\/\/www.allevamentoredwing.com\/fr\/blog\/agenda-2-decembre-les-jours-froids-la-solution-des-fruits\/#breadcrumb","itemListElement":[{"@type":"ListItem","position":1,"name":"Accueil","item":"https:\/\/www.allevamentoredwing.com\/fr\/accueil\/"},{"@type":"ListItem","position":2,"name":"Agenda 2 &#8211; D\u00e9cembre &#8211; Les jours froids, la solution des fruits"}]},{"@type":"WebSite","@id":"https:\/\/www.allevamentoredwing.com\/fr\/#website","url":"https:\/\/www.allevamentoredwing.com\/fr\/","name":"Allevamento Redwing","description":"Tutto per l'allevamento dei volatili","publisher":{"@id":"https:\/\/www.allevamentoredwing.com\/fr\/#organization"},"potentialAction":[{"@type":"SearchAction","target":{"@type":"EntryPoint","urlTemplate":"https:\/\/www.allevamentoredwing.com\/fr\/?s={search_term_string}"},"query-input":{"@type":"PropertyValueSpecification","valueRequired":true,"valueName":"search_term_string"}}],"inLanguage":"fr-FR"},{"@type":"Organization","@id":"https:\/\/www.allevamentoredwing.com\/fr\/#organization","name":"Azienda Agricola \"Allevamento Redwing\" di Bazzani Firmo","url":"https:\/\/www.allevamentoredwing.com\/fr\/","logo":{"@type":"ImageObject","inLanguage":"fr-FR","@id":"https:\/\/www.allevamentoredwing.com\/fr\/#\/schema\/logo\/image\/","url":"https:\/\/www.allevamentoredwing.com\/wp-content\/uploads\/2019\/10\/logo-allevamento-redwing.png","contentUrl":"https:\/\/www.allevamentoredwing.com\/wp-content\/uploads\/2019\/10\/logo-allevamento-redwing.png","width":819,"height":608,"caption":"Azienda Agricola \"Allevamento Redwing\" di Bazzani Firmo"},"image":{"@id":"https:\/\/www.allevamentoredwing.com\/fr\/#\/schema\/logo\/image\/"},"sameAs":["https:\/\/www.facebook.com\/Allevamento-Redwing-1979803988953737","https:\/\/www.instagram.com\/allevamento_redwing\/","https:\/\/www.youtube.com\/channel\/UCTxa8prgvBGVInkp_pI0ShQ"]},{"@type":"Person","@id":"https:\/\/www.allevamentoredwing.com\/fr\/#\/schema\/person\/ddaf18872ac3919f60ea25a1d46c7049","name":"Firmo Bazzani","image":{"@type":"ImageObject","inLanguage":"fr-FR","@id":"https:\/\/secure.gravatar.com\/avatar\/9a8ec13db9c63631a1336b3f9db20d4a5a9bf19805f69ab5e86180447325d195?s=96&d=mm&r=g","url":"https:\/\/secure.gravatar.com\/avatar\/9a8ec13db9c63631a1336b3f9db20d4a5a9bf19805f69ab5e86180447325d195?s=96&d=mm&r=g","contentUrl":"https:\/\/secure.gravatar.com\/avatar\/9a8ec13db9c63631a1336b3f9db20d4a5a9bf19805f69ab5e86180447325d195?s=96&d=mm&r=g","caption":"Firmo Bazzani"},"description":"Il braccio e la mente di tutto l'allevamento.","url":"https:\/\/www.allevamentoredwing.com\/fr\/blog\/author\/bazzani-firmo\/"}]}},"_links":{"self":[{"href":"https:\/\/www.allevamentoredwing.com\/fr\/wp-json\/wp\/v2\/posts\/35992","targetHints":{"allow":["GET"]}}],"collection":[{"href":"https:\/\/www.allevamentoredwing.com\/fr\/wp-json\/wp\/v2\/posts"}],"about":[{"href":"https:\/\/www.allevamentoredwing.com\/fr\/wp-json\/wp\/v2\/types\/post"}],"author":[{"embeddable":true,"href":"https:\/\/www.allevamentoredwing.com\/fr\/wp-json\/wp\/v2\/users\/2"}],"replies":[{"embeddable":true,"href":"https:\/\/www.allevamentoredwing.com\/fr\/wp-json\/wp\/v2\/comments?post=35992"}],"version-history":[{"count":1,"href":"https:\/\/www.allevamentoredwing.com\/fr\/wp-json\/wp\/v2\/posts\/35992\/revisions"}],"predecessor-version":[{"id":35996,"href":"https:\/\/www.allevamentoredwing.com\/fr\/wp-json\/wp\/v2\/posts\/35992\/revisions\/35996"}],"wp:featuredmedia":[{"embeddable":true,"href":"https:\/\/www.allevamentoredwing.com\/fr\/wp-json\/wp\/v2\/media\/8299"}],"wp:attachment":[{"href":"https:\/\/www.allevamentoredwing.com\/fr\/wp-json\/wp\/v2\/media?parent=35992"}],"wp:term":[{"taxonomy":"category","embeddable":true,"href":"https:\/\/www.allevamentoredwing.com\/fr\/wp-json\/wp\/v2\/categories?post=35992"},{"taxonomy":"post_tag","embeddable":true,"href":"https:\/\/www.allevamentoredwing.com\/fr\/wp-json\/wp\/v2\/tags?post=35992"}],"curies":[{"name":"wp","href":"https:\/\/api.w.org\/{rel}","templated":true}]}}