{"id":34885,"date":"2026-02-02T13:14:53","date_gmt":"2026-02-02T12:14:53","guid":{"rendered":"https:\/\/www.allevamentoredwing.com\/blog\/diario-no-3-enero-encender-el-fotoperiodo\/"},"modified":"2026-02-02T13:14:53","modified_gmt":"2026-02-02T12:14:53","slug":"diario-no-3-enero-encender-el-fotoperiodo","status":"publish","type":"post","link":"https:\/\/www.allevamentoredwing.com\/es\/blog\/diario-no-3-enero-encender-el-fotoperiodo\/","title":{"rendered":"Diario n\u00ba 3 &#8211; Enero &#8211; Encender el fotoperiodo"},"content":{"rendered":"\n<p class=\"wp-block-paragraph\">  Es <strong>enero<\/strong>, los d\u00edas son fr\u00edos, el cielo est\u00e1 despejado, las parejas ya formadas en octubre han tenido tiempo de crear jerarqu\u00edas en las pajareras de la colonia y tomar posesi\u00f3n de territorios en las parejas fijas.  <\/p>\n\n<!--more-->\n\n<div class=\"wp-block-columns is-layout-flex wp-container-core-columns-is-layout-8f761849 wp-block-columns-is-layout-flex\">\n<div class=\"wp-block-column is-layout-flow wp-block-column-is-layout-flow\">\n<p class=\"wp-block-paragraph\"><strong>Para las pajareras de alas rojas y urogallos, \u00e9ste es el momento adecuado para iniciar el fotoperiodo<\/strong> artificial, anticipando as\u00ed la reproducci\u00f3n y evitando el peligro de los mosquitos a medida que se acercan los meses c\u00e1lidos. En los primeros d\u00edas de este mes, tenemos una duraci\u00f3n de la luz diurna de <strong>algo menos de 9 horas.<\/strong>  <br\/><\/p>\n<\/div>\n\n\n\n<div class=\"wp-block-column is-layout-flow wp-block-column-is-layout-flow\">\n<figure class=\"wp-block-image size-large\"><img loading=\"lazy\" decoding=\"async\" width=\"1024\" height=\"819\" src=\"https:\/\/www.allevamentoredwing.com\/wp-content\/uploads\/2020\/02\/PAS_1645-HDR-1024x819.jpg\" alt=\"\" class=\"wp-image-5666\" srcset=\"https:\/\/www.allevamentoredwing.com\/wp-content\/uploads\/2020\/02\/PAS_1645-HDR-1024x819.jpg 1024w, https:\/\/www.allevamentoredwing.com\/wp-content\/uploads\/2020\/02\/PAS_1645-HDR-300x240.jpg 300w, https:\/\/www.allevamentoredwing.com\/wp-content\/uploads\/2020\/02\/PAS_1645-HDR-768x614.jpg 768w, https:\/\/www.allevamentoredwing.com\/wp-content\/uploads\/2020\/02\/PAS_1645-HDR-600x480.jpg 600w, https:\/\/www.allevamentoredwing.com\/wp-content\/uploads\/2020\/02\/PAS_1645-HDR.jpg 1500w\" sizes=\"auto, (max-width: 1024px) 100vw, 1024px\" \/><\/figure>\n<\/div>\n<\/div>\n\n<div class=\"wp-block-columns is-layout-flex wp-container-core-columns-is-layout-8f761849 wp-block-columns-is-layout-flex\">\n<div class=\"wp-block-column is-layout-flow wp-block-column-is-layout-flow\">\n<figure class=\"wp-block-image size-large\"><img loading=\"lazy\" decoding=\"async\" width=\"1024\" height=\"683\" src=\"https:\/\/www.allevamentoredwing.com\/wp-content\/uploads\/2020\/01\/DSC_6646-1024x683.jpg\" alt=\"\" class=\"wp-image-5669\" srcset=\"https:\/\/www.allevamentoredwing.com\/wp-content\/uploads\/2020\/01\/DSC_6646-1024x683.jpg 1024w, https:\/\/www.allevamentoredwing.com\/wp-content\/uploads\/2020\/01\/DSC_6646-300x200.jpg 300w, https:\/\/www.allevamentoredwing.com\/wp-content\/uploads\/2020\/01\/DSC_6646-768x512.jpg 768w, https:\/\/www.allevamentoredwing.com\/wp-content\/uploads\/2020\/01\/DSC_6646-600x400.jpg 600w, https:\/\/www.allevamentoredwing.com\/wp-content\/uploads\/2020\/01\/DSC_6646.jpg 1500w\" sizes=\"auto, (max-width: 1024px) 100vw, 1024px\" \/><\/figure>\n<\/div>\n\n\n\n<div class=\"wp-block-column is-layout-flow wp-block-column-is-layout-flow\">\n<p class=\"wp-block-paragraph\">Una vez encendido el fotoperiodo, fijado con las mismas horas de luz natural, damos un incremento diario de<strong> 5 minutos dividido en 4 minutos al amanecer y 1 al atardecer<\/strong>, procurando dejar el atardecer natural y anticipar el artificial unos minutos, procedimiento que permite a los criadores garantizar la percepci\u00f3n del final del d\u00eda. La duraci\u00f3n del incremento ser\u00e1 de unos <strong>80 d\u00edas<\/strong>, evalu\u00e1ndose durante el paso de los d\u00edas las paradas en funci\u00f3n de las condiciones meteorol\u00f3gicas.   <\/p>\n<\/div>\n<\/div>\n\n<p class=\"wp-block-paragraph\"><strong>La luz es el elemento principal<\/strong>, necesario para inducir el celo, el apareamiento y, por tanto, la eclosi\u00f3n; otros factores importantes son el aumento de la temperatura, la presencia del macho cantor, la posibilidad de construir el nido, la alimentaci\u00f3n, la humedad y la presi\u00f3n atmosf\u00e9rica.  <\/p>\n\n<div class=\"wp-block-columns is-layout-flex wp-container-core-columns-is-layout-8f761849 wp-block-columns-is-layout-flex\">\n<div class=\"wp-block-column is-layout-flow wp-block-column-is-layout-flow\">\n<p class=\"wp-block-paragraph\">Durante este periodo, contin\u00faa <strong>la alimentaci\u00f3n con <\/strong> <strong>fruta <\/strong>y la atenci\u00f3n a los <strong>cambios diarios de agua<\/strong>, as\u00ed como la observaci\u00f3n de los reproductores para conocer sus posibilidades reproductivas. Mi opini\u00f3n es que se puede mejorar la cr\u00eda adoptando todas las t\u00e9cnicas necesarias, pero de forma racional, sin &#8220;forzar&#8221; excesivamente a nuestros amigos alados ni lo que ocurre en la naturaleza.   <br\/><\/p>\n<\/div>\n\n\n\n<div class=\"wp-block-column is-layout-flow wp-block-column-is-layout-flow\">\n<figure class=\"wp-block-image size-large\"><img loading=\"lazy\" decoding=\"async\" width=\"1024\" height=\"683\" src=\"https:\/\/www.allevamentoredwing.com\/wp-content\/uploads\/2020\/01\/DSC6661-1024x683.jpg\" alt=\"\" class=\"wp-image-5675\" srcset=\"https:\/\/www.allevamentoredwing.com\/wp-content\/uploads\/2020\/01\/DSC6661-1024x683.jpg 1024w, https:\/\/www.allevamentoredwing.com\/wp-content\/uploads\/2020\/01\/DSC6661-300x200.jpg 300w, https:\/\/www.allevamentoredwing.com\/wp-content\/uploads\/2020\/01\/DSC6661-768x513.jpg 768w, https:\/\/www.allevamentoredwing.com\/wp-content\/uploads\/2020\/01\/DSC6661-600x400.jpg 600w, https:\/\/www.allevamentoredwing.com\/wp-content\/uploads\/2020\/01\/DSC6661.jpg 1500w\" sizes=\"auto, (max-width: 1024px) 100vw, 1024px\" \/><\/figure>\n<\/div>\n<\/div>\n","protected":false},"excerpt":{"rendered":"<p>Es enero, los d\u00edas son fr\u00edos, el cielo est\u00e1 despejado, las parejas ya formadas en octubre han tenido tiempo de [&hellip;]<\/p>\n","protected":false},"author":2,"featured_media":34886,"comment_status":"open","ping_status":"open","sticky":false,"template":"","format":"standard","meta":{"_mo_disable_npp":"","footnotes":""},"categories":[333,331],"tags":[],"class_list":["post-34885","post","type-post","status-publish","format-standard","has-post-thumbnail","hentry","category-diario-de-cria","category-lo-ultimo-del-blog"],"yoast_head":"<!-- This site is optimized with the Yoast SEO plugin v28.2 - https:\/\/yoast.com\/product\/yoast-seo-wordpress\/ -->\n<title>Diario n\u00ba 3 - Enero - Encender el fotoperiodo - Allevamento Redwing<\/title>\n<meta name=\"robots\" content=\"index, follow, max-snippet:-1, max-image-preview:large, max-video-preview:-1\" \/>\n<link rel=\"canonical\" href=\"https:\/\/www.allevamentoredwing.com\/es\/blog\/diario-no-3-enero-encender-el-fotoperiodo\/\" \/>\n<meta property=\"og:locale\" content=\"es_ES\" \/>\n<meta property=\"og:type\" content=\"article\" \/>\n<meta property=\"og:title\" content=\"Diario n\u00ba 3 - Enero - Encender el fotoperiodo - Allevamento Redwing\" \/>\n<meta property=\"og:description\" content=\"Es enero, los d\u00edas son fr\u00edos, el cielo est\u00e1 despejado, las parejas ya formadas en octubre han tenido tiempo de [&hellip;]\" \/>\n<meta property=\"og:url\" content=\"https:\/\/www.allevamentoredwing.com\/es\/blog\/diario-no-3-enero-encender-el-fotoperiodo\/\" \/>\n<meta property=\"og:site_name\" content=\"Allevamento Redwing\" \/>\n<meta property=\"article:publisher\" content=\"https:\/\/www.facebook.com\/Allevamento-Redwing-1979803988953737\" \/>\n<meta property=\"article:published_time\" content=\"2026-02-02T12:14:53+00:00\" \/>\n<meta property=\"og:image\" content=\"https:\/\/www.allevamentoredwing.com\/wp-content\/uploads\/2020\/01\/DSC_6646.jpg\" \/>\n\t<meta property=\"og:image:width\" content=\"1500\" \/>\n\t<meta property=\"og:image:height\" content=\"1000\" \/>\n\t<meta property=\"og:image:type\" content=\"image\/jpeg\" \/>\n<meta name=\"author\" content=\"Firmo Bazzani\" \/>\n<meta name=\"twitter:card\" content=\"summary_large_image\" \/>\n<meta name=\"twitter:label1\" content=\"Escrito por\" \/>\n\t<meta name=\"twitter:data1\" content=\"Firmo Bazzani\" \/>\n\t<meta name=\"twitter:label2\" content=\"Tiempo de lectura\" \/>\n\t<meta name=\"twitter:data2\" content=\"2 minutos\" \/>\n<script type=\"application\/ld+json\" class=\"yoast-schema-graph\">{\"@context\":\"https:\\\/\\\/schema.org\",\"@graph\":[{\"@type\":\"Article\",\"@id\":\"https:\\\/\\\/www.allevamentoredwing.com\\\/es\\\/blog\\\/diario-no-3-enero-encender-el-fotoperiodo\\\/#article\",\"isPartOf\":{\"@id\":\"https:\\\/\\\/www.allevamentoredwing.com\\\/es\\\/blog\\\/diario-no-3-enero-encender-el-fotoperiodo\\\/\"},\"author\":{\"name\":\"Firmo Bazzani\",\"@id\":\"https:\\\/\\\/www.allevamentoredwing.com\\\/es\\\/#\\\/schema\\\/person\\\/ddaf18872ac3919f60ea25a1d46c7049\"},\"headline\":\"Diario n\u00ba 3 &#8211; Enero &#8211; Encender el fotoperiodo\",\"datePublished\":\"2026-02-02T12:14:53+00:00\",\"mainEntityOfPage\":{\"@id\":\"https:\\\/\\\/www.allevamentoredwing.com\\\/es\\\/blog\\\/diario-no-3-enero-encender-el-fotoperiodo\\\/\"},\"wordCount\":309,\"commentCount\":0,\"publisher\":{\"@id\":\"https:\\\/\\\/www.allevamentoredwing.com\\\/es\\\/#organization\"},\"image\":{\"@id\":\"https:\\\/\\\/www.allevamentoredwing.com\\\/es\\\/blog\\\/diario-no-3-enero-encender-el-fotoperiodo\\\/#primaryimage\"},\"thumbnailUrl\":\"https:\\\/\\\/www.allevamentoredwing.com\\\/wp-content\\\/uploads\\\/2020\\\/01\\\/DSC_6646.jpg\",\"articleSection\":[\"Diario de cr\u00eda\",\"Lo \u00faltimo del Blog\"],\"inLanguage\":\"es\",\"potentialAction\":[{\"@type\":\"CommentAction\",\"name\":\"Comment\",\"target\":[\"https:\\\/\\\/www.allevamentoredwing.com\\\/es\\\/blog\\\/diario-no-3-enero-encender-el-fotoperiodo\\\/#respond\"]}]},{\"@type\":\"WebPage\",\"@id\":\"https:\\\/\\\/www.allevamentoredwing.com\\\/es\\\/blog\\\/diario-no-3-enero-encender-el-fotoperiodo\\\/\",\"url\":\"https:\\\/\\\/www.allevamentoredwing.com\\\/es\\\/blog\\\/diario-no-3-enero-encender-el-fotoperiodo\\\/\",\"name\":\"Diario n\u00ba 3 - Enero - Encender el fotoperiodo - Allevamento Redwing\",\"isPartOf\":{\"@id\":\"https:\\\/\\\/www.allevamentoredwing.com\\\/es\\\/#website\"},\"primaryImageOfPage\":{\"@id\":\"https:\\\/\\\/www.allevamentoredwing.com\\\/es\\\/blog\\\/diario-no-3-enero-encender-el-fotoperiodo\\\/#primaryimage\"},\"image\":{\"@id\":\"https:\\\/\\\/www.allevamentoredwing.com\\\/es\\\/blog\\\/diario-no-3-enero-encender-el-fotoperiodo\\\/#primaryimage\"},\"thumbnailUrl\":\"https:\\\/\\\/www.allevamentoredwing.com\\\/wp-content\\\/uploads\\\/2020\\\/01\\\/DSC_6646.jpg\",\"datePublished\":\"2026-02-02T12:14:53+00:00\",\"breadcrumb\":{\"@id\":\"https:\\\/\\\/www.allevamentoredwing.com\\\/es\\\/blog\\\/diario-no-3-enero-encender-el-fotoperiodo\\\/#breadcrumb\"},\"inLanguage\":\"es\",\"potentialAction\":[{\"@type\":\"ReadAction\",\"target\":[\"https:\\\/\\\/www.allevamentoredwing.com\\\/es\\\/blog\\\/diario-no-3-enero-encender-el-fotoperiodo\\\/\"]}]},{\"@type\":\"ImageObject\",\"inLanguage\":\"es\",\"@id\":\"https:\\\/\\\/www.allevamentoredwing.com\\\/es\\\/blog\\\/diario-no-3-enero-encender-el-fotoperiodo\\\/#primaryimage\",\"url\":\"https:\\\/\\\/www.allevamentoredwing.com\\\/wp-content\\\/uploads\\\/2020\\\/01\\\/DSC_6646.jpg\",\"contentUrl\":\"https:\\\/\\\/www.allevamentoredwing.com\\\/wp-content\\\/uploads\\\/2020\\\/01\\\/DSC_6646.jpg\",\"width\":1500,\"height\":1000},{\"@type\":\"BreadcrumbList\",\"@id\":\"https:\\\/\\\/www.allevamentoredwing.com\\\/es\\\/blog\\\/diario-no-3-enero-encender-el-fotoperiodo\\\/#breadcrumb\",\"itemListElement\":[{\"@type\":\"ListItem\",\"position\":1,\"name\":\"Inicio\",\"item\":\"https:\\\/\\\/www.allevamentoredwing.com\\\/es\\\/inicio\\\/\"},{\"@type\":\"ListItem\",\"position\":2,\"name\":\"Diario n\u00ba 3 &#8211; Enero &#8211; Encender el fotoperiodo\"}]},{\"@type\":\"WebSite\",\"@id\":\"https:\\\/\\\/www.allevamentoredwing.com\\\/es\\\/#website\",\"url\":\"https:\\\/\\\/www.allevamentoredwing.com\\\/es\\\/\",\"name\":\"Allevamento Redwing\",\"description\":\"Tutto per l'allevamento dei volatili\",\"publisher\":{\"@id\":\"https:\\\/\\\/www.allevamentoredwing.com\\\/es\\\/#organization\"},\"potentialAction\":[{\"@type\":\"SearchAction\",\"target\":{\"@type\":\"EntryPoint\",\"urlTemplate\":\"https:\\\/\\\/www.allevamentoredwing.com\\\/es\\\/?s={search_term_string}\"},\"query-input\":{\"@type\":\"PropertyValueSpecification\",\"valueRequired\":true,\"valueName\":\"search_term_string\"}}],\"inLanguage\":\"es\"},{\"@type\":\"Organization\",\"@id\":\"https:\\\/\\\/www.allevamentoredwing.com\\\/es\\\/#organization\",\"name\":\"Azienda Agricola \\\"Allevamento Redwing\\\" di Bazzani Firmo\",\"url\":\"https:\\\/\\\/www.allevamentoredwing.com\\\/es\\\/\",\"logo\":{\"@type\":\"ImageObject\",\"inLanguage\":\"es\",\"@id\":\"https:\\\/\\\/www.allevamentoredwing.com\\\/es\\\/#\\\/schema\\\/logo\\\/image\\\/\",\"url\":\"https:\\\/\\\/www.allevamentoredwing.com\\\/wp-content\\\/uploads\\\/2019\\\/10\\\/logo-allevamento-redwing.png\",\"contentUrl\":\"https:\\\/\\\/www.allevamentoredwing.com\\\/wp-content\\\/uploads\\\/2019\\\/10\\\/logo-allevamento-redwing.png\",\"width\":819,\"height\":608,\"caption\":\"Azienda Agricola \\\"Allevamento Redwing\\\" di Bazzani Firmo\"},\"image\":{\"@id\":\"https:\\\/\\\/www.allevamentoredwing.com\\\/es\\\/#\\\/schema\\\/logo\\\/image\\\/\"},\"sameAs\":[\"https:\\\/\\\/www.facebook.com\\\/Allevamento-Redwing-1979803988953737\",\"https:\\\/\\\/www.instagram.com\\\/allevamento_redwing\\\/\",\"https:\\\/\\\/www.youtube.com\\\/channel\\\/UCTxa8prgvBGVInkp_pI0ShQ\"]},{\"@type\":\"Person\",\"@id\":\"https:\\\/\\\/www.allevamentoredwing.com\\\/es\\\/#\\\/schema\\\/person\\\/ddaf18872ac3919f60ea25a1d46c7049\",\"name\":\"Firmo Bazzani\",\"image\":{\"@type\":\"ImageObject\",\"inLanguage\":\"es\",\"@id\":\"https:\\\/\\\/secure.gravatar.com\\\/avatar\\\/9a8ec13db9c63631a1336b3f9db20d4a5a9bf19805f69ab5e86180447325d195?s=96&d=mm&r=g\",\"url\":\"https:\\\/\\\/secure.gravatar.com\\\/avatar\\\/9a8ec13db9c63631a1336b3f9db20d4a5a9bf19805f69ab5e86180447325d195?s=96&d=mm&r=g\",\"contentUrl\":\"https:\\\/\\\/secure.gravatar.com\\\/avatar\\\/9a8ec13db9c63631a1336b3f9db20d4a5a9bf19805f69ab5e86180447325d195?s=96&d=mm&r=g\",\"caption\":\"Firmo Bazzani\"},\"description\":\"Il braccio e la mente di tutto l'allevamento.\",\"url\":\"https:\\\/\\\/www.allevamentoredwing.com\\\/es\\\/blog\\\/author\\\/bazzani-firmo\\\/\"}]}<\/script>\n<!-- \/ Yoast SEO plugin. -->","yoast_head_json":{"title":"Diario n\u00ba 3 - Enero - Encender el fotoperiodo - Allevamento Redwing","robots":{"index":"index","follow":"follow","max-snippet":"max-snippet:-1","max-image-preview":"max-image-preview:large","max-video-preview":"max-video-preview:-1"},"canonical":"https:\/\/www.allevamentoredwing.com\/es\/blog\/diario-no-3-enero-encender-el-fotoperiodo\/","og_locale":"es_ES","og_type":"article","og_title":"Diario n\u00ba 3 - Enero - Encender el fotoperiodo - Allevamento Redwing","og_description":"Es enero, los d\u00edas son fr\u00edos, el cielo est\u00e1 despejado, las parejas ya formadas en octubre han tenido tiempo de [&hellip;]","og_url":"https:\/\/www.allevamentoredwing.com\/es\/blog\/diario-no-3-enero-encender-el-fotoperiodo\/","og_site_name":"Allevamento Redwing","article_publisher":"https:\/\/www.facebook.com\/Allevamento-Redwing-1979803988953737","article_published_time":"2026-02-02T12:14:53+00:00","og_image":[{"width":1500,"height":1000,"url":"https:\/\/www.allevamentoredwing.com\/wp-content\/uploads\/2020\/01\/DSC_6646.jpg","type":"image\/jpeg"}],"author":"Firmo Bazzani","twitter_card":"summary_large_image","twitter_misc":{"Escrito por":"Firmo Bazzani","Tiempo de lectura":"2 minutos"},"schema":{"@context":"https:\/\/schema.org","@graph":[{"@type":"Article","@id":"https:\/\/www.allevamentoredwing.com\/es\/blog\/diario-no-3-enero-encender-el-fotoperiodo\/#article","isPartOf":{"@id":"https:\/\/www.allevamentoredwing.com\/es\/blog\/diario-no-3-enero-encender-el-fotoperiodo\/"},"author":{"name":"Firmo Bazzani","@id":"https:\/\/www.allevamentoredwing.com\/es\/#\/schema\/person\/ddaf18872ac3919f60ea25a1d46c7049"},"headline":"Diario n\u00ba 3 &#8211; Enero &#8211; Encender el fotoperiodo","datePublished":"2026-02-02T12:14:53+00:00","mainEntityOfPage":{"@id":"https:\/\/www.allevamentoredwing.com\/es\/blog\/diario-no-3-enero-encender-el-fotoperiodo\/"},"wordCount":309,"commentCount":0,"publisher":{"@id":"https:\/\/www.allevamentoredwing.com\/es\/#organization"},"image":{"@id":"https:\/\/www.allevamentoredwing.com\/es\/blog\/diario-no-3-enero-encender-el-fotoperiodo\/#primaryimage"},"thumbnailUrl":"https:\/\/www.allevamentoredwing.com\/wp-content\/uploads\/2020\/01\/DSC_6646.jpg","articleSection":["Diario de cr\u00eda","Lo \u00faltimo del Blog"],"inLanguage":"es","potentialAction":[{"@type":"CommentAction","name":"Comment","target":["https:\/\/www.allevamentoredwing.com\/es\/blog\/diario-no-3-enero-encender-el-fotoperiodo\/#respond"]}]},{"@type":"WebPage","@id":"https:\/\/www.allevamentoredwing.com\/es\/blog\/diario-no-3-enero-encender-el-fotoperiodo\/","url":"https:\/\/www.allevamentoredwing.com\/es\/blog\/diario-no-3-enero-encender-el-fotoperiodo\/","name":"Diario n\u00ba 3 - Enero - Encender el fotoperiodo - Allevamento Redwing","isPartOf":{"@id":"https:\/\/www.allevamentoredwing.com\/es\/#website"},"primaryImageOfPage":{"@id":"https:\/\/www.allevamentoredwing.com\/es\/blog\/diario-no-3-enero-encender-el-fotoperiodo\/#primaryimage"},"image":{"@id":"https:\/\/www.allevamentoredwing.com\/es\/blog\/diario-no-3-enero-encender-el-fotoperiodo\/#primaryimage"},"thumbnailUrl":"https:\/\/www.allevamentoredwing.com\/wp-content\/uploads\/2020\/01\/DSC_6646.jpg","datePublished":"2026-02-02T12:14:53+00:00","breadcrumb":{"@id":"https:\/\/www.allevamentoredwing.com\/es\/blog\/diario-no-3-enero-encender-el-fotoperiodo\/#breadcrumb"},"inLanguage":"es","potentialAction":[{"@type":"ReadAction","target":["https:\/\/www.allevamentoredwing.com\/es\/blog\/diario-no-3-enero-encender-el-fotoperiodo\/"]}]},{"@type":"ImageObject","inLanguage":"es","@id":"https:\/\/www.allevamentoredwing.com\/es\/blog\/diario-no-3-enero-encender-el-fotoperiodo\/#primaryimage","url":"https:\/\/www.allevamentoredwing.com\/wp-content\/uploads\/2020\/01\/DSC_6646.jpg","contentUrl":"https:\/\/www.allevamentoredwing.com\/wp-content\/uploads\/2020\/01\/DSC_6646.jpg","width":1500,"height":1000},{"@type":"BreadcrumbList","@id":"https:\/\/www.allevamentoredwing.com\/es\/blog\/diario-no-3-enero-encender-el-fotoperiodo\/#breadcrumb","itemListElement":[{"@type":"ListItem","position":1,"name":"Inicio","item":"https:\/\/www.allevamentoredwing.com\/es\/inicio\/"},{"@type":"ListItem","position":2,"name":"Diario n\u00ba 3 &#8211; Enero &#8211; Encender el fotoperiodo"}]},{"@type":"WebSite","@id":"https:\/\/www.allevamentoredwing.com\/es\/#website","url":"https:\/\/www.allevamentoredwing.com\/es\/","name":"Allevamento Redwing","description":"Tutto per l'allevamento dei volatili","publisher":{"@id":"https:\/\/www.allevamentoredwing.com\/es\/#organization"},"potentialAction":[{"@type":"SearchAction","target":{"@type":"EntryPoint","urlTemplate":"https:\/\/www.allevamentoredwing.com\/es\/?s={search_term_string}"},"query-input":{"@type":"PropertyValueSpecification","valueRequired":true,"valueName":"search_term_string"}}],"inLanguage":"es"},{"@type":"Organization","@id":"https:\/\/www.allevamentoredwing.com\/es\/#organization","name":"Azienda Agricola \"Allevamento Redwing\" di Bazzani Firmo","url":"https:\/\/www.allevamentoredwing.com\/es\/","logo":{"@type":"ImageObject","inLanguage":"es","@id":"https:\/\/www.allevamentoredwing.com\/es\/#\/schema\/logo\/image\/","url":"https:\/\/www.allevamentoredwing.com\/wp-content\/uploads\/2019\/10\/logo-allevamento-redwing.png","contentUrl":"https:\/\/www.allevamentoredwing.com\/wp-content\/uploads\/2019\/10\/logo-allevamento-redwing.png","width":819,"height":608,"caption":"Azienda Agricola \"Allevamento Redwing\" di Bazzani Firmo"},"image":{"@id":"https:\/\/www.allevamentoredwing.com\/es\/#\/schema\/logo\/image\/"},"sameAs":["https:\/\/www.facebook.com\/Allevamento-Redwing-1979803988953737","https:\/\/www.instagram.com\/allevamento_redwing\/","https:\/\/www.youtube.com\/channel\/UCTxa8prgvBGVInkp_pI0ShQ"]},{"@type":"Person","@id":"https:\/\/www.allevamentoredwing.com\/es\/#\/schema\/person\/ddaf18872ac3919f60ea25a1d46c7049","name":"Firmo Bazzani","image":{"@type":"ImageObject","inLanguage":"es","@id":"https:\/\/secure.gravatar.com\/avatar\/9a8ec13db9c63631a1336b3f9db20d4a5a9bf19805f69ab5e86180447325d195?s=96&d=mm&r=g","url":"https:\/\/secure.gravatar.com\/avatar\/9a8ec13db9c63631a1336b3f9db20d4a5a9bf19805f69ab5e86180447325d195?s=96&d=mm&r=g","contentUrl":"https:\/\/secure.gravatar.com\/avatar\/9a8ec13db9c63631a1336b3f9db20d4a5a9bf19805f69ab5e86180447325d195?s=96&d=mm&r=g","caption":"Firmo Bazzani"},"description":"Il braccio e la mente di tutto l'allevamento.","url":"https:\/\/www.allevamentoredwing.com\/es\/blog\/author\/bazzani-firmo\/"}]}},"_links":{"self":[{"href":"https:\/\/www.allevamentoredwing.com\/es\/wp-json\/wp\/v2\/posts\/34885","targetHints":{"allow":["GET"]}}],"collection":[{"href":"https:\/\/www.allevamentoredwing.com\/es\/wp-json\/wp\/v2\/posts"}],"about":[{"href":"https:\/\/www.allevamentoredwing.com\/es\/wp-json\/wp\/v2\/types\/post"}],"author":[{"embeddable":true,"href":"https:\/\/www.allevamentoredwing.com\/es\/wp-json\/wp\/v2\/users\/2"}],"replies":[{"embeddable":true,"href":"https:\/\/www.allevamentoredwing.com\/es\/wp-json\/wp\/v2\/comments?post=34885"}],"version-history":[{"count":1,"href":"https:\/\/www.allevamentoredwing.com\/es\/wp-json\/wp\/v2\/posts\/34885\/revisions"}],"predecessor-version":[{"id":34891,"href":"https:\/\/www.allevamentoredwing.com\/es\/wp-json\/wp\/v2\/posts\/34885\/revisions\/34891"}],"wp:featuredmedia":[{"embeddable":true,"href":"https:\/\/www.allevamentoredwing.com\/es\/wp-json\/wp\/v2\/media\/34886"}],"wp:attachment":[{"href":"https:\/\/www.allevamentoredwing.com\/es\/wp-json\/wp\/v2\/media?parent=34885"}],"wp:term":[{"taxonomy":"category","embeddable":true,"href":"https:\/\/www.allevamentoredwing.com\/es\/wp-json\/wp\/v2\/categories?post=34885"},{"taxonomy":"post_tag","embeddable":true,"href":"https:\/\/www.allevamentoredwing.com\/es\/wp-json\/wp\/v2\/tags?post=34885"}],"curies":[{"name":"wp","href":"https:\/\/api.w.org\/{rel}","templated":true}]}}