{"id":34803,"date":"2026-02-02T13:14:42","date_gmt":"2026-02-02T12:14:42","guid":{"rendered":"https:\/\/www.allevamentoredwing.com\/blog\/el-fotoperiodo-de-cria-de-los-turdidae\/"},"modified":"2026-02-02T13:14:42","modified_gmt":"2026-02-02T12:14:42","slug":"el-fotoperiodo-de-cria-de-los-turdidae","status":"publish","type":"post","link":"https:\/\/www.allevamentoredwing.com\/es\/blog\/el-fotoperiodo-de-cria-de-los-turdidae\/","title":{"rendered":"El fotoperiodo de cr\u00eda de los turdidae"},"content":{"rendered":"\n<p class=\"wp-block-paragraph\"><strong>La programaci\u00f3n artificial del fotoperiodo<\/strong> permite<strong> controlar la<\/strong> \u00e9poca de<strong> cr\u00eda<\/strong> adelant\u00e1ndola, lo que aumenta la tasa de natalidad. <br\/>Es importante recordar que si estas t\u00e9cnicas se aplican de forma irracional y con la m\u00e1xima fuerza, son perjudiciales para el bienestar y la salud de las aves. El espectro de la radiaci\u00f3n \u00f3ptica var\u00eda entre 10\/2 nm del espectro ultravioleta (UV) y 10\/6 nm del espectro infrarrojo (IR). Esta longitud de onda se subdivide en siete bandas: UV-C, UV-B, UB-A, luz visible, IR-A, IR-B, IR-C.La banda UV-B de la luz solar natural permite la conversi\u00f3n del 7-dehidrocolesterol en 1,25 dihidrocolecalciferosa vitamina D3, que luego es reabsorbida por la piel o ingerida durante el cuidado del corral.  <\/p>\n\n<!--more-->\n\n<div class=\"wp-block-image\"><figure class=\"aligncenter size-large is-resized\"><img loading=\"lazy\" decoding=\"async\" src=\"https:\/\/www.allevamentoredwing.com\/wp-content\/uploads\/2020\/02\/PAS_1645-HDR-1024x819.jpg\" alt=\"\" class=\"wp-image-5666\" width=\"512\" height=\"410\" srcset=\"https:\/\/www.allevamentoredwing.com\/wp-content\/uploads\/2020\/02\/PAS_1645-HDR-1024x819.jpg 1024w, https:\/\/www.allevamentoredwing.com\/wp-content\/uploads\/2020\/02\/PAS_1645-HDR-300x240.jpg 300w, https:\/\/www.allevamentoredwing.com\/wp-content\/uploads\/2020\/02\/PAS_1645-HDR-768x614.jpg 768w, https:\/\/www.allevamentoredwing.com\/wp-content\/uploads\/2020\/02\/PAS_1645-HDR-600x480.jpg 600w, https:\/\/www.allevamentoredwing.com\/wp-content\/uploads\/2020\/02\/PAS_1645-HDR.jpg 1500w\" sizes=\"auto, (max-width: 512px) 100vw, 512px\" \/><figcaption>Este es el fotoperiodo que utilizo en la cr\u00eda.<\/figcaption><\/figure><\/div>\n\n<p class=\"wp-block-paragraph\">La vitamina <strong>D3 <\/strong>es muy importante para el metabolismo del calcio. Se requiere una intensidad m\u00ednima (de 50 a 1000 lux = intensidad luminosa \/ m2 ). La intensidad luminosa nos da una indicaci\u00f3n de la cantidad de luz producida por segundo. Sumar la intensidad luminosa de todas las l\u00e1mparas de una habitaci\u00f3n y dividirla por los metros cuadrados nos dar\u00e1 una idea de la cantidad de lux. La luz solar produce aproximadamente 150 lux. Las l\u00e1mparas fluorescentes normales no producen luz continua, sino que oscilan como una luz estrobosc\u00f3pica, aproximadamente 50 veces por segundo<strong>(50HZ<\/strong>). El ojo humano discierne esta frecuencia y no se conoce bien su efecto en el comportamiento de las aves. El efecto estrobosc\u00f3pico de la luz fluorescente probablemente provoca estr\u00e9s e influye negativamente en el estado general de los animales.Entre los mayores problemas en la cr\u00eda est\u00e1n los causados por errores en la manipulaci\u00f3n del ciclo de luz. <strong>Las aves necesitan un m\u00ednimo de 13-14 horas de luz para empezar a criar<\/strong>. Si la duraci\u00f3n de la luz est\u00e1 sujeta a fluctuaciones, las aves reciben mensajes hormonales contradictorios, lo que puede provocar una muda prematura y la interrupci\u00f3n de la reproducci\u00f3n. Normalmente, las aves inician la reproducci\u00f3n cuando se cumplen los siguientes requisitos: estimulaci\u00f3n del fotoperiodo, madurez sexual, buena salud, nutrici\u00f3n adecuada, pareja aceptable, presencia de nido y material para anidar, privacidad adecuada. Los fotorreceptores de la retina estimulan el hipot\u00e1lamo a trav\u00e9s del nervio \u00f3ptico, las hormonas liberadas por el hipot\u00e1lamo estimulan la adeinohip\u00f3fisis para que produzca gonadotropinas, que a su vez estimulan las g\u00f3nadas para que liberen hormonas sexuales.            <\/p>\n\n<div style=\"height:50px\" aria-hidden=\"true\" class=\"wp-block-spacer\"><\/div>\n\n<div class=\"wp-block-group has-very-light-gray-background-color has-background related-product-article\"><div class=\"wp-block-group__inner-container is-layout-flow wp-block-group-is-layout-flow\">\n<h3 class=\"has-text-align-center wp-block-heading\">VEDI ALCUNI PRODOTTI CHE POTREBBERO INTERESSARTI<\/h3>\n\n\n\n<hr class=\"wp-block-separator\"\/>\n\n\n<div data-align-buttons=\"true\" data-block-name=\"woocommerce\/product-tag\" data-orderby=\"price_desc\" data-tags=\"[363]\" class=\"wc-block-grid wp-block-product-tag wp-block-woocommerce-product-tag wc-block-product-tag has-3-columns has-multiple-rows has-aligned-buttons\"><ul class=\"wc-block-grid__products\"><li class=\"wc-block-grid__product\"><span class=\"gtm4wp_productdata\" style=\"display:none; visibility:hidden;\" data-gtm4wp_product_data=\"{&quot;internal_id&quot;:36671,&quot;item_id&quot;:36671,&quot;item_name&quot;:&quot;Generador de temporada SOL-LED 12V&quot;,&quot;sku&quot;:36671,&quot;price&quot;:240,&quot;stocklevel&quot;:1,&quot;stockstatus&quot;:&quot;instock&quot;,&quot;google_business_vertical&quot;:&quot;retail&quot;,&quot;item_category&quot;:&quot;Cr\\u00eda&quot;,&quot;id&quot;:36671,&quot;productlink&quot;:&quot;https:\\\/\\\/www.allevamentoredwing.com\\\/es\\\/prodotti\\\/generador-de-temporada-sol-led-12v\\\/&quot;,&quot;item_list_name&quot;:&quot;Lista general de productos&quot;,&quot;index&quot;:0,&quot;product_type&quot;:&quot;simple&quot;,&quot;item_brand&quot;:&quot;&quot;}\"><\/span>\n\t\t\t\t<a href=\"https:\/\/www.allevamentoredwing.com\/es\/prodotti\/generador-de-temporada-sol-led-12v\/\" class=\"wc-block-grid__product-link\">\n\t\t\t\t\t\n\t\t\t\t\t<div class=\"wc-block-grid__product-image\"><img loading=\"lazy\" decoding=\"async\" width=\"400\" height=\"400\" src=\"https:\/\/www.allevamentoredwing.com\/wp-content\/uploads\/2024\/01\/SOL_GENERATOR_LED-400x400.jpg\" class=\"attachment-woocommerce_thumbnail size-woocommerce_thumbnail\" alt=\"Generador de temporada SOL-LED 12V\" srcset=\"https:\/\/www.allevamentoredwing.com\/wp-content\/uploads\/2024\/01\/SOL_GENERATOR_LED-400x400.jpg 400w, https:\/\/www.allevamentoredwing.com\/wp-content\/uploads\/2024\/01\/SOL_GENERATOR_LED-300x300.jpg 300w, https:\/\/www.allevamentoredwing.com\/wp-content\/uploads\/2024\/01\/SOL_GENERATOR_LED-1024x1024.jpg 1024w, https:\/\/www.allevamentoredwing.com\/wp-content\/uploads\/2024\/01\/SOL_GENERATOR_LED-150x150.jpg 150w, https:\/\/www.allevamentoredwing.com\/wp-content\/uploads\/2024\/01\/SOL_GENERATOR_LED-768x768.jpg 768w, https:\/\/www.allevamentoredwing.com\/wp-content\/uploads\/2024\/01\/SOL_GENERATOR_LED-1536x1536.jpg 1536w, https:\/\/www.allevamentoredwing.com\/wp-content\/uploads\/2024\/01\/SOL_GENERATOR_LED-350x350.jpg 350w, https:\/\/www.allevamentoredwing.com\/wp-content\/uploads\/2024\/01\/SOL_GENERATOR_LED-110x110.jpg 110w, https:\/\/www.allevamentoredwing.com\/wp-content\/uploads\/2024\/01\/SOL_GENERATOR_LED-70x70.jpg 70w, https:\/\/www.allevamentoredwing.com\/wp-content\/uploads\/2024\/01\/SOL_GENERATOR_LED-600x600.jpg 600w, https:\/\/www.allevamentoredwing.com\/wp-content\/uploads\/2024\/01\/SOL_GENERATOR_LED-100x100.jpg 100w, https:\/\/www.allevamentoredwing.com\/wp-content\/uploads\/2024\/01\/SOL_GENERATOR_LED.jpg 2000w\" sizes=\"auto, (max-width: 400px) 100vw, 400px\" \/><\/div>\n\t\t\t\t\t<div class=\"wc-block-grid__product-title\">Generador de temporada SOL-LED 12V<\/div>\n\t\t\t\t<\/a>\n\t\t\t\t<div class=\"wc-block-grid__product-price price\"><span class=\"woocommerce-Price-amount amount\">240,00<span class=\"woocommerce-Price-currencySymbol\">&euro;<\/span><\/span><\/div>\n\t\t\t\t\n\t\t\t\t<div class=\"wp-block-button wc-block-grid__product-add-to-cart\"><a href=\"\/es\/wp-json\/wp\/v2\/posts\/34803?add-to-cart=36671\" aria-label=\"A\u00f1adir al carrito: &ldquo;Generador de temporada SOL-LED 12V&rdquo;\" data-quantity=\"1\" data-product_id=\"36671\" data-product_sku=\"\" data-price=\"240\" rel=\"nofollow\" class=\"wp-block-button__link  add_to_cart_button ajax_add_to_cart\">A\u00f1adir al carrito<\/a><\/div>\n\t\t\t<\/li><li class=\"wc-block-grid__product\"><span class=\"gtm4wp_productdata\" style=\"display:none; visibility:hidden;\" data-gtm4wp_product_data=\"{&quot;internal_id&quot;:35726,&quot;item_id&quot;:35726,&quot;item_name&quot;:&quot;Generador de temporada SOL-6000&quot;,&quot;sku&quot;:35726,&quot;price&quot;:210,&quot;stocklevel&quot;:1,&quot;stockstatus&quot;:&quot;instock&quot;,&quot;google_business_vertical&quot;:&quot;retail&quot;,&quot;item_category&quot;:&quot;Cr\\u00eda&quot;,&quot;id&quot;:35726,&quot;productlink&quot;:&quot;https:\\\/\\\/www.allevamentoredwing.com\\\/es\\\/prodotti\\\/generador-de-temporada-sol-6000\\\/&quot;,&quot;item_list_name&quot;:&quot;Lista general de productos&quot;,&quot;index&quot;:0,&quot;product_type&quot;:&quot;simple&quot;,&quot;item_brand&quot;:&quot;&quot;}\"><\/span>\n\t\t\t\t<a href=\"https:\/\/www.allevamentoredwing.com\/es\/prodotti\/generador-de-temporada-sol-6000\/\" class=\"wc-block-grid__product-link\">\n\t\t\t\t\t\n\t\t\t\t\t<div class=\"wc-block-grid__product-image\"><img loading=\"lazy\" decoding=\"async\" width=\"400\" height=\"400\" src=\"https:\/\/www.allevamentoredwing.com\/wp-content\/uploads\/2020\/01\/sol-6000-400x400.jpg\" class=\"attachment-woocommerce_thumbnail size-woocommerce_thumbnail\" alt=\"Generador de temporada SOL-6000\" srcset=\"https:\/\/www.allevamentoredwing.com\/wp-content\/uploads\/2020\/01\/sol-6000-400x400.jpg 400w, https:\/\/www.allevamentoredwing.com\/wp-content\/uploads\/2020\/01\/sol-6000-300x300.jpg 300w, https:\/\/www.allevamentoredwing.com\/wp-content\/uploads\/2020\/01\/sol-6000-150x150.jpg 150w, https:\/\/www.allevamentoredwing.com\/wp-content\/uploads\/2020\/01\/sol-6000-350x350.jpg 350w, https:\/\/www.allevamentoredwing.com\/wp-content\/uploads\/2020\/01\/sol-6000-110x110.jpg 110w, https:\/\/www.allevamentoredwing.com\/wp-content\/uploads\/2020\/01\/sol-6000-70x70.jpg 70w, https:\/\/www.allevamentoredwing.com\/wp-content\/uploads\/2020\/01\/sol-6000-100x100.jpg 100w, https:\/\/www.allevamentoredwing.com\/wp-content\/uploads\/2020\/01\/sol-6000.jpg 500w\" sizes=\"auto, (max-width: 400px) 100vw, 400px\" \/><\/div>\n\t\t\t\t\t<div class=\"wc-block-grid__product-title\">Generador de temporada SOL-6000<\/div>\n\t\t\t\t<\/a>\n\t\t\t\t<div class=\"wc-block-grid__product-price price\"><span class=\"woocommerce-Price-amount amount\">210,00<span class=\"woocommerce-Price-currencySymbol\">&euro;<\/span><\/span><\/div>\n\t\t\t\t\n\t\t\t\t<div class=\"wp-block-button wc-block-grid__product-add-to-cart\"><a href=\"\/es\/wp-json\/wp\/v2\/posts\/34803?add-to-cart=35726\" aria-label=\"A\u00f1adir al carrito: &ldquo;Generador de temporada SOL-6000&rdquo;\" data-quantity=\"1\" data-product_id=\"35726\" data-product_sku=\"\" data-price=\"210\" rel=\"nofollow\" class=\"wp-block-button__link  add_to_cart_button ajax_add_to_cart\">A\u00f1adir al carrito<\/a><\/div>\n\t\t\t<\/li><li class=\"wc-block-grid__product\"><span class=\"gtm4wp_productdata\" style=\"display:none; visibility:hidden;\" data-gtm4wp_product_data=\"{&quot;internal_id&quot;:36198,&quot;item_id&quot;:36198,&quot;item_name&quot;:&quot;L\\u00e1mpara Solar Ne\\u00f3n T8 Sistema Aves 58W 150cm&quot;,&quot;sku&quot;:36198,&quot;price&quot;:36,&quot;stocklevel&quot;:19,&quot;stockstatus&quot;:&quot;instock&quot;,&quot;google_business_vertical&quot;:&quot;retail&quot;,&quot;item_category&quot;:&quot;Cr\\u00eda&quot;,&quot;id&quot;:36198,&quot;productlink&quot;:&quot;https:\\\/\\\/www.allevamentoredwing.com\\\/es\\\/prodotti\\\/lampara-solar-neon-t8-sistema-aves-58w-150cm\\\/&quot;,&quot;item_list_name&quot;:&quot;Lista general de productos&quot;,&quot;index&quot;:0,&quot;product_type&quot;:&quot;simple&quot;,&quot;item_brand&quot;:&quot;&quot;}\"><\/span>\n\t\t\t\t<a href=\"https:\/\/www.allevamentoredwing.com\/es\/prodotti\/lampara-solar-neon-t8-sistema-aves-58w-150cm\/\" class=\"wc-block-grid__product-link\">\n\t\t\t\t\t\n\t\t\t\t\t<div class=\"wc-block-grid__product-image\"><img loading=\"lazy\" decoding=\"async\" width=\"400\" height=\"400\" src=\"https:\/\/www.allevamentoredwing.com\/wp-content\/uploads\/2020\/01\/Copertina-Neon-arcadia-58W-400x400.png\" class=\"attachment-woocommerce_thumbnail size-woocommerce_thumbnail\" alt=\"L\u00e1mpara Solar Ne\u00f3n T8 Sistema Aves 58W 150cm\" srcset=\"https:\/\/www.allevamentoredwing.com\/wp-content\/uploads\/2020\/01\/Copertina-Neon-arcadia-58W-400x400.png 400w, https:\/\/www.allevamentoredwing.com\/wp-content\/uploads\/2020\/01\/Copertina-Neon-arcadia-58W-300x300.png 300w, https:\/\/www.allevamentoredwing.com\/wp-content\/uploads\/2020\/01\/Copertina-Neon-arcadia-58W-1024x1024.png 1024w, https:\/\/www.allevamentoredwing.com\/wp-content\/uploads\/2020\/01\/Copertina-Neon-arcadia-58W-150x150.png 150w, https:\/\/www.allevamentoredwing.com\/wp-content\/uploads\/2020\/01\/Copertina-Neon-arcadia-58W-768x768.png 768w, https:\/\/www.allevamentoredwing.com\/wp-content\/uploads\/2020\/01\/Copertina-Neon-arcadia-58W-350x350.png 350w, https:\/\/www.allevamentoredwing.com\/wp-content\/uploads\/2020\/01\/Copertina-Neon-arcadia-58W-110x110.png 110w, https:\/\/www.allevamentoredwing.com\/wp-content\/uploads\/2020\/01\/Copertina-Neon-arcadia-58W-70x70.png 70w, https:\/\/www.allevamentoredwing.com\/wp-content\/uploads\/2020\/01\/Copertina-Neon-arcadia-58W-600x600.png 600w, https:\/\/www.allevamentoredwing.com\/wp-content\/uploads\/2020\/01\/Copertina-Neon-arcadia-58W-100x100.png 100w, https:\/\/www.allevamentoredwing.com\/wp-content\/uploads\/2020\/01\/Copertina-Neon-arcadia-58W.png 1500w\" sizes=\"auto, (max-width: 400px) 100vw, 400px\" \/><\/div>\n\t\t\t\t\t<div class=\"wc-block-grid__product-title\">L\u00e1mpara Solar Ne\u00f3n T8 Sistema Aves 58W 150cm<\/div>\n\t\t\t\t<\/a>\n\t\t\t\t<div class=\"wc-block-grid__product-price price\"><span class=\"woocommerce-Price-amount amount\">36,00<span class=\"woocommerce-Price-currencySymbol\">&euro;<\/span><\/span><\/div>\n\t\t\t\t\n\t\t\t\t<div class=\"wp-block-button wc-block-grid__product-add-to-cart\"><a href=\"\/es\/wp-json\/wp\/v2\/posts\/34803?add-to-cart=36198\" aria-label=\"A\u00f1adir al carrito: &ldquo;L\u00e1mpara Solar Ne\u00f3n T8 Sistema Aves 58W 150cm&rdquo;\" data-quantity=\"1\" data-product_id=\"36198\" data-product_sku=\"\" data-price=\"36\" rel=\"nofollow\" class=\"wp-block-button__link  add_to_cart_button ajax_add_to_cart\">A\u00f1adir al carrito<\/a><\/div>\n\t\t\t<\/li><li class=\"wc-block-grid__product\"><span class=\"gtm4wp_productdata\" style=\"display:none; visibility:hidden;\" data-gtm4wp_product_data=\"{&quot;internal_id&quot;:35732,&quot;item_id&quot;:35732,&quot;item_name&quot;:&quot;L\\u00e1mpara Solar Ne\\u00f3n T8 Sistema Aves 36W 120cm&quot;,&quot;sku&quot;:35732,&quot;price&quot;:29,&quot;stocklevel&quot;:1,&quot;stockstatus&quot;:&quot;instock&quot;,&quot;google_business_vertical&quot;:&quot;retail&quot;,&quot;item_category&quot;:&quot;Cr\\u00eda&quot;,&quot;id&quot;:35732,&quot;productlink&quot;:&quot;https:\\\/\\\/www.allevamentoredwing.com\\\/es\\\/prodotti\\\/lampara-solar-neon-t8-sistema-aves-36w-120cm\\\/&quot;,&quot;item_list_name&quot;:&quot;Lista general de productos&quot;,&quot;index&quot;:0,&quot;product_type&quot;:&quot;simple&quot;,&quot;item_brand&quot;:&quot;&quot;}\"><\/span>\n\t\t\t\t<a href=\"https:\/\/www.allevamentoredwing.com\/es\/prodotti\/lampara-solar-neon-t8-sistema-aves-36w-120cm\/\" class=\"wc-block-grid__product-link\">\n\t\t\t\t\t\n\t\t\t\t\t<div class=\"wc-block-grid__product-image\"><img loading=\"lazy\" decoding=\"async\" width=\"400\" height=\"400\" src=\"https:\/\/www.allevamentoredwing.com\/wp-content\/uploads\/2020\/01\/Copertina-Neon-arcadia-36W-400x400.png\" class=\"attachment-woocommerce_thumbnail size-woocommerce_thumbnail\" alt=\"L\u00e1mpara Solar Ne\u00f3n T8 Sistema Aves 36W 120cm\" srcset=\"https:\/\/www.allevamentoredwing.com\/wp-content\/uploads\/2020\/01\/Copertina-Neon-arcadia-36W-400x400.png 400w, https:\/\/www.allevamentoredwing.com\/wp-content\/uploads\/2020\/01\/Copertina-Neon-arcadia-36W-300x300.png 300w, https:\/\/www.allevamentoredwing.com\/wp-content\/uploads\/2020\/01\/Copertina-Neon-arcadia-36W-1024x1024.png 1024w, https:\/\/www.allevamentoredwing.com\/wp-content\/uploads\/2020\/01\/Copertina-Neon-arcadia-36W-150x150.png 150w, https:\/\/www.allevamentoredwing.com\/wp-content\/uploads\/2020\/01\/Copertina-Neon-arcadia-36W-768x768.png 768w, https:\/\/www.allevamentoredwing.com\/wp-content\/uploads\/2020\/01\/Copertina-Neon-arcadia-36W-350x350.png 350w, https:\/\/www.allevamentoredwing.com\/wp-content\/uploads\/2020\/01\/Copertina-Neon-arcadia-36W-110x110.png 110w, https:\/\/www.allevamentoredwing.com\/wp-content\/uploads\/2020\/01\/Copertina-Neon-arcadia-36W-70x70.png 70w, https:\/\/www.allevamentoredwing.com\/wp-content\/uploads\/2020\/01\/Copertina-Neon-arcadia-36W-600x600.png 600w, https:\/\/www.allevamentoredwing.com\/wp-content\/uploads\/2020\/01\/Copertina-Neon-arcadia-36W-100x100.png 100w, https:\/\/www.allevamentoredwing.com\/wp-content\/uploads\/2020\/01\/Copertina-Neon-arcadia-36W.png 1500w\" sizes=\"auto, (max-width: 400px) 100vw, 400px\" \/><\/div>\n\t\t\t\t\t<div class=\"wc-block-grid__product-title\">L\u00e1mpara Solar Ne\u00f3n T8 Sistema Aves 36W 120cm<\/div>\n\t\t\t\t<\/a>\n\t\t\t\t<div class=\"wc-block-grid__product-price price\"><span class=\"woocommerce-Price-amount amount\">29,00<span class=\"woocommerce-Price-currencySymbol\">&euro;<\/span><\/span><\/div>\n\t\t\t\t\n\t\t\t\t<div class=\"wp-block-button wc-block-grid__product-add-to-cart\"><a href=\"\/es\/wp-json\/wp\/v2\/posts\/34803?add-to-cart=35732\" aria-label=\"A\u00f1adir al carrito: &ldquo;L\u00e1mpara Solar Ne\u00f3n T8 Sistema Aves 36W 120cm&rdquo;\" data-quantity=\"1\" data-product_id=\"35732\" data-product_sku=\"\" data-price=\"29\" rel=\"nofollow\" class=\"wp-block-button__link  add_to_cart_button ajax_add_to_cart\">A\u00f1adir al carrito<\/a><\/div>\n\t\t\t<\/li><li class=\"wc-block-grid__product\"><span class=\"gtm4wp_productdata\" style=\"display:none; visibility:hidden;\" data-gtm4wp_product_data=\"{&quot;internal_id&quot;:36260,&quot;item_id&quot;:36260,&quot;item_name&quot;:&quot;L\\u00e1mpara Solar Ne\\u00f3n T8 Sistema Aves 18W 60cm&quot;,&quot;sku&quot;:36260,&quot;price&quot;:20,&quot;stocklevel&quot;:50,&quot;stockstatus&quot;:&quot;instock&quot;,&quot;google_business_vertical&quot;:&quot;retail&quot;,&quot;item_category&quot;:&quot;Cr\\u00eda&quot;,&quot;id&quot;:36260,&quot;productlink&quot;:&quot;https:\\\/\\\/www.allevamentoredwing.com\\\/es\\\/prodotti\\\/lampara-solar-neon-t8-sistema-aves-18w-60cm\\\/&quot;,&quot;item_list_name&quot;:&quot;Lista general de productos&quot;,&quot;index&quot;:0,&quot;product_type&quot;:&quot;simple&quot;,&quot;item_brand&quot;:&quot;&quot;}\"><\/span>\n\t\t\t\t<a href=\"https:\/\/www.allevamentoredwing.com\/es\/prodotti\/lampara-solar-neon-t8-sistema-aves-18w-60cm\/\" class=\"wc-block-grid__product-link\">\n\t\t\t\t\t\n\t\t\t\t\t<div class=\"wc-block-grid__product-image\"><img loading=\"lazy\" decoding=\"async\" width=\"400\" height=\"400\" src=\"https:\/\/www.allevamentoredwing.com\/wp-content\/uploads\/2020\/02\/Copertina-Neon-arcadia-18W.png-400x400.jpg\" class=\"attachment-woocommerce_thumbnail size-woocommerce_thumbnail\" alt=\"L\u00e1mpara Solar Ne\u00f3n T8 Sistema Aves 18W 60cm\" srcset=\"https:\/\/www.allevamentoredwing.com\/wp-content\/uploads\/2020\/02\/Copertina-Neon-arcadia-18W.png-400x400.jpg 400w, https:\/\/www.allevamentoredwing.com\/wp-content\/uploads\/2020\/02\/Copertina-Neon-arcadia-18W.png-300x300.jpg 300w, https:\/\/www.allevamentoredwing.com\/wp-content\/uploads\/2020\/02\/Copertina-Neon-arcadia-18W.png-1024x1024.jpg 1024w, https:\/\/www.allevamentoredwing.com\/wp-content\/uploads\/2020\/02\/Copertina-Neon-arcadia-18W.png-150x150.jpg 150w, https:\/\/www.allevamentoredwing.com\/wp-content\/uploads\/2020\/02\/Copertina-Neon-arcadia-18W.png-768x768.jpg 768w, https:\/\/www.allevamentoredwing.com\/wp-content\/uploads\/2020\/02\/Copertina-Neon-arcadia-18W.png-350x350.jpg 350w, https:\/\/www.allevamentoredwing.com\/wp-content\/uploads\/2020\/02\/Copertina-Neon-arcadia-18W.png-110x110.jpg 110w, https:\/\/www.allevamentoredwing.com\/wp-content\/uploads\/2020\/02\/Copertina-Neon-arcadia-18W.png-70x70.jpg 70w, https:\/\/www.allevamentoredwing.com\/wp-content\/uploads\/2020\/02\/Copertina-Neon-arcadia-18W.png-600x600.jpg 600w, https:\/\/www.allevamentoredwing.com\/wp-content\/uploads\/2020\/02\/Copertina-Neon-arcadia-18W.png-100x100.jpg 100w, https:\/\/www.allevamentoredwing.com\/wp-content\/uploads\/2020\/02\/Copertina-Neon-arcadia-18W.png.jpg 1500w\" sizes=\"auto, (max-width: 400px) 100vw, 400px\" \/><\/div>\n\t\t\t\t\t<div class=\"wc-block-grid__product-title\">L\u00e1mpara Solar Ne\u00f3n T8 Sistema Aves 18W 60cm<\/div>\n\t\t\t\t<\/a>\n\t\t\t\t<div class=\"wc-block-grid__product-price price\"><span class=\"woocommerce-Price-amount amount\">20,00<span class=\"woocommerce-Price-currencySymbol\">&euro;<\/span><\/span><\/div>\n\t\t\t\t\n\t\t\t\t<div class=\"wp-block-button wc-block-grid__product-add-to-cart\"><a href=\"\/es\/wp-json\/wp\/v2\/posts\/34803?add-to-cart=36260\" aria-label=\"A\u00f1adir al carrito: &ldquo;L\u00e1mpara Solar Ne\u00f3n T8 Sistema Aves 18W 60cm&rdquo;\" data-quantity=\"1\" data-product_id=\"36260\" data-product_sku=\"\" data-price=\"20\" rel=\"nofollow\" class=\"wp-block-button__link  add_to_cart_button ajax_add_to_cart\">A\u00f1adir al carrito<\/a><\/div>\n\t\t\t<\/li><\/ul><\/div><\/div><\/div>\n\n<p class=\"wp-block-paragraph\"><\/p>\n","protected":false},"excerpt":{"rendered":"<p>La programaci\u00f3n artificial del fotoperiodo permite controlar la \u00e9poca de cr\u00eda adelant\u00e1ndola, lo que aumenta la tasa de natalidad. Es [&hellip;]<\/p>\n","protected":false},"author":2,"featured_media":34804,"comment_status":"open","ping_status":"open","sticky":false,"template":"","format":"standard","meta":{"_mo_disable_npp":"","footnotes":""},"categories":[330,331],"tags":[],"class_list":["post-34803","post","type-post","status-publish","format-standard","has-post-thumbnail","hentry","category-guia-primeros-pasos","category-lo-ultimo-del-blog"],"yoast_head":"<!-- This site is optimized with the Yoast SEO plugin v28.2 - https:\/\/yoast.com\/product\/yoast-seo-wordpress\/ -->\n<title>El fotoperiodo de cr\u00eda de los turdidae - Allevamento Redwing<\/title>\n<meta name=\"robots\" content=\"index, follow, max-snippet:-1, max-image-preview:large, max-video-preview:-1\" \/>\n<link rel=\"canonical\" href=\"https:\/\/www.allevamentoredwing.com\/es\/blog\/el-fotoperiodo-de-cria-de-los-turdidae\/\" \/>\n<meta property=\"og:locale\" content=\"es_ES\" \/>\n<meta property=\"og:type\" content=\"article\" \/>\n<meta property=\"og:title\" content=\"El fotoperiodo de cr\u00eda de los turdidae - Allevamento Redwing\" \/>\n<meta property=\"og:description\" content=\"La programaci\u00f3n artificial del fotoperiodo permite controlar la \u00e9poca de cr\u00eda adelant\u00e1ndola, lo que aumenta la tasa de natalidad. Es [&hellip;]\" \/>\n<meta property=\"og:url\" content=\"https:\/\/www.allevamentoredwing.com\/es\/blog\/el-fotoperiodo-de-cria-de-los-turdidae\/\" \/>\n<meta property=\"og:site_name\" content=\"Allevamento Redwing\" \/>\n<meta property=\"article:publisher\" content=\"https:\/\/www.facebook.com\/Allevamento-Redwing-1979803988953737\" \/>\n<meta property=\"article:published_time\" content=\"2026-02-02T12:14:42+00:00\" \/>\n<meta property=\"og:image\" content=\"https:\/\/www.allevamentoredwing.com\/wp-content\/uploads\/2020\/01\/DSC_6629.jpg\" \/>\n\t<meta property=\"og:image:width\" content=\"1500\" \/>\n\t<meta property=\"og:image:height\" content=\"1000\" \/>\n\t<meta property=\"og:image:type\" content=\"image\/jpeg\" \/>\n<meta name=\"author\" content=\"Firmo Bazzani\" \/>\n<meta name=\"twitter:card\" content=\"summary_large_image\" \/>\n<meta name=\"twitter:label1\" content=\"Escrito por\" \/>\n\t<meta name=\"twitter:data1\" content=\"Firmo Bazzani\" \/>\n\t<meta name=\"twitter:label2\" content=\"Tiempo de lectura\" \/>\n\t<meta name=\"twitter:data2\" content=\"2 minutos\" \/>\n<script type=\"application\/ld+json\" class=\"yoast-schema-graph\">{\"@context\":\"https:\\\/\\\/schema.org\",\"@graph\":[{\"@type\":\"Article\",\"@id\":\"https:\\\/\\\/www.allevamentoredwing.com\\\/es\\\/blog\\\/el-fotoperiodo-de-cria-de-los-turdidae\\\/#article\",\"isPartOf\":{\"@id\":\"https:\\\/\\\/www.allevamentoredwing.com\\\/es\\\/blog\\\/el-fotoperiodo-de-cria-de-los-turdidae\\\/\"},\"author\":{\"name\":\"Firmo Bazzani\",\"@id\":\"https:\\\/\\\/www.allevamentoredwing.com\\\/es\\\/#\\\/schema\\\/person\\\/ddaf18872ac3919f60ea25a1d46c7049\"},\"headline\":\"El fotoperiodo de cr\u00eda de los turdidae\",\"datePublished\":\"2026-02-02T12:14:42+00:00\",\"mainEntityOfPage\":{\"@id\":\"https:\\\/\\\/www.allevamentoredwing.com\\\/es\\\/blog\\\/el-fotoperiodo-de-cria-de-los-turdidae\\\/\"},\"wordCount\":423,\"commentCount\":0,\"publisher\":{\"@id\":\"https:\\\/\\\/www.allevamentoredwing.com\\\/es\\\/#organization\"},\"image\":{\"@id\":\"https:\\\/\\\/www.allevamentoredwing.com\\\/es\\\/blog\\\/el-fotoperiodo-de-cria-de-los-turdidae\\\/#primaryimage\"},\"thumbnailUrl\":\"https:\\\/\\\/www.allevamentoredwing.com\\\/wp-content\\\/uploads\\\/2020\\\/01\\\/DSC_6629.jpg\",\"articleSection\":[\"Gu\u00eda - Primeros pasos\",\"Lo \u00faltimo del Blog\"],\"inLanguage\":\"es\",\"potentialAction\":[{\"@type\":\"CommentAction\",\"name\":\"Comment\",\"target\":[\"https:\\\/\\\/www.allevamentoredwing.com\\\/es\\\/blog\\\/el-fotoperiodo-de-cria-de-los-turdidae\\\/#respond\"]}]},{\"@type\":\"WebPage\",\"@id\":\"https:\\\/\\\/www.allevamentoredwing.com\\\/es\\\/blog\\\/el-fotoperiodo-de-cria-de-los-turdidae\\\/\",\"url\":\"https:\\\/\\\/www.allevamentoredwing.com\\\/es\\\/blog\\\/el-fotoperiodo-de-cria-de-los-turdidae\\\/\",\"name\":\"El fotoperiodo de cr\u00eda de los turdidae - Allevamento Redwing\",\"isPartOf\":{\"@id\":\"https:\\\/\\\/www.allevamentoredwing.com\\\/es\\\/#website\"},\"primaryImageOfPage\":{\"@id\":\"https:\\\/\\\/www.allevamentoredwing.com\\\/es\\\/blog\\\/el-fotoperiodo-de-cria-de-los-turdidae\\\/#primaryimage\"},\"image\":{\"@id\":\"https:\\\/\\\/www.allevamentoredwing.com\\\/es\\\/blog\\\/el-fotoperiodo-de-cria-de-los-turdidae\\\/#primaryimage\"},\"thumbnailUrl\":\"https:\\\/\\\/www.allevamentoredwing.com\\\/wp-content\\\/uploads\\\/2020\\\/01\\\/DSC_6629.jpg\",\"datePublished\":\"2026-02-02T12:14:42+00:00\",\"breadcrumb\":{\"@id\":\"https:\\\/\\\/www.allevamentoredwing.com\\\/es\\\/blog\\\/el-fotoperiodo-de-cria-de-los-turdidae\\\/#breadcrumb\"},\"inLanguage\":\"es\",\"potentialAction\":[{\"@type\":\"ReadAction\",\"target\":[\"https:\\\/\\\/www.allevamentoredwing.com\\\/es\\\/blog\\\/el-fotoperiodo-de-cria-de-los-turdidae\\\/\"]}]},{\"@type\":\"ImageObject\",\"inLanguage\":\"es\",\"@id\":\"https:\\\/\\\/www.allevamentoredwing.com\\\/es\\\/blog\\\/el-fotoperiodo-de-cria-de-los-turdidae\\\/#primaryimage\",\"url\":\"https:\\\/\\\/www.allevamentoredwing.com\\\/wp-content\\\/uploads\\\/2020\\\/01\\\/DSC_6629.jpg\",\"contentUrl\":\"https:\\\/\\\/www.allevamentoredwing.com\\\/wp-content\\\/uploads\\\/2020\\\/01\\\/DSC_6629.jpg\",\"width\":1500,\"height\":1000},{\"@type\":\"BreadcrumbList\",\"@id\":\"https:\\\/\\\/www.allevamentoredwing.com\\\/es\\\/blog\\\/el-fotoperiodo-de-cria-de-los-turdidae\\\/#breadcrumb\",\"itemListElement\":[{\"@type\":\"ListItem\",\"position\":1,\"name\":\"Inicio\",\"item\":\"https:\\\/\\\/www.allevamentoredwing.com\\\/es\\\/inicio\\\/\"},{\"@type\":\"ListItem\",\"position\":2,\"name\":\"El fotoperiodo de cr\u00eda de los turdidae\"}]},{\"@type\":\"WebSite\",\"@id\":\"https:\\\/\\\/www.allevamentoredwing.com\\\/es\\\/#website\",\"url\":\"https:\\\/\\\/www.allevamentoredwing.com\\\/es\\\/\",\"name\":\"Allevamento Redwing\",\"description\":\"Tutto per l'allevamento dei volatili\",\"publisher\":{\"@id\":\"https:\\\/\\\/www.allevamentoredwing.com\\\/es\\\/#organization\"},\"potentialAction\":[{\"@type\":\"SearchAction\",\"target\":{\"@type\":\"EntryPoint\",\"urlTemplate\":\"https:\\\/\\\/www.allevamentoredwing.com\\\/es\\\/?s={search_term_string}\"},\"query-input\":{\"@type\":\"PropertyValueSpecification\",\"valueRequired\":true,\"valueName\":\"search_term_string\"}}],\"inLanguage\":\"es\"},{\"@type\":\"Organization\",\"@id\":\"https:\\\/\\\/www.allevamentoredwing.com\\\/es\\\/#organization\",\"name\":\"Azienda Agricola \\\"Allevamento Redwing\\\" di Bazzani Firmo\",\"url\":\"https:\\\/\\\/www.allevamentoredwing.com\\\/es\\\/\",\"logo\":{\"@type\":\"ImageObject\",\"inLanguage\":\"es\",\"@id\":\"https:\\\/\\\/www.allevamentoredwing.com\\\/es\\\/#\\\/schema\\\/logo\\\/image\\\/\",\"url\":\"https:\\\/\\\/www.allevamentoredwing.com\\\/wp-content\\\/uploads\\\/2019\\\/10\\\/logo-allevamento-redwing.png\",\"contentUrl\":\"https:\\\/\\\/www.allevamentoredwing.com\\\/wp-content\\\/uploads\\\/2019\\\/10\\\/logo-allevamento-redwing.png\",\"width\":819,\"height\":608,\"caption\":\"Azienda Agricola \\\"Allevamento Redwing\\\" di Bazzani Firmo\"},\"image\":{\"@id\":\"https:\\\/\\\/www.allevamentoredwing.com\\\/es\\\/#\\\/schema\\\/logo\\\/image\\\/\"},\"sameAs\":[\"https:\\\/\\\/www.facebook.com\\\/Allevamento-Redwing-1979803988953737\",\"https:\\\/\\\/www.instagram.com\\\/allevamento_redwing\\\/\",\"https:\\\/\\\/www.youtube.com\\\/channel\\\/UCTxa8prgvBGVInkp_pI0ShQ\"]},{\"@type\":\"Person\",\"@id\":\"https:\\\/\\\/www.allevamentoredwing.com\\\/es\\\/#\\\/schema\\\/person\\\/ddaf18872ac3919f60ea25a1d46c7049\",\"name\":\"Firmo Bazzani\",\"image\":{\"@type\":\"ImageObject\",\"inLanguage\":\"es\",\"@id\":\"https:\\\/\\\/secure.gravatar.com\\\/avatar\\\/9a8ec13db9c63631a1336b3f9db20d4a5a9bf19805f69ab5e86180447325d195?s=96&d=mm&r=g\",\"url\":\"https:\\\/\\\/secure.gravatar.com\\\/avatar\\\/9a8ec13db9c63631a1336b3f9db20d4a5a9bf19805f69ab5e86180447325d195?s=96&d=mm&r=g\",\"contentUrl\":\"https:\\\/\\\/secure.gravatar.com\\\/avatar\\\/9a8ec13db9c63631a1336b3f9db20d4a5a9bf19805f69ab5e86180447325d195?s=96&d=mm&r=g\",\"caption\":\"Firmo Bazzani\"},\"description\":\"Il braccio e la mente di tutto l'allevamento.\",\"url\":\"https:\\\/\\\/www.allevamentoredwing.com\\\/es\\\/blog\\\/author\\\/bazzani-firmo\\\/\"}]}<\/script>\n<!-- \/ Yoast SEO plugin. -->","yoast_head_json":{"title":"El fotoperiodo de cr\u00eda de los turdidae - Allevamento Redwing","robots":{"index":"index","follow":"follow","max-snippet":"max-snippet:-1","max-image-preview":"max-image-preview:large","max-video-preview":"max-video-preview:-1"},"canonical":"https:\/\/www.allevamentoredwing.com\/es\/blog\/el-fotoperiodo-de-cria-de-los-turdidae\/","og_locale":"es_ES","og_type":"article","og_title":"El fotoperiodo de cr\u00eda de los turdidae - Allevamento Redwing","og_description":"La programaci\u00f3n artificial del fotoperiodo permite controlar la \u00e9poca de cr\u00eda adelant\u00e1ndola, lo que aumenta la tasa de natalidad. Es [&hellip;]","og_url":"https:\/\/www.allevamentoredwing.com\/es\/blog\/el-fotoperiodo-de-cria-de-los-turdidae\/","og_site_name":"Allevamento Redwing","article_publisher":"https:\/\/www.facebook.com\/Allevamento-Redwing-1979803988953737","article_published_time":"2026-02-02T12:14:42+00:00","og_image":[{"width":1500,"height":1000,"url":"https:\/\/www.allevamentoredwing.com\/wp-content\/uploads\/2020\/01\/DSC_6629.jpg","type":"image\/jpeg"}],"author":"Firmo Bazzani","twitter_card":"summary_large_image","twitter_misc":{"Escrito por":"Firmo Bazzani","Tiempo de lectura":"2 minutos"},"schema":{"@context":"https:\/\/schema.org","@graph":[{"@type":"Article","@id":"https:\/\/www.allevamentoredwing.com\/es\/blog\/el-fotoperiodo-de-cria-de-los-turdidae\/#article","isPartOf":{"@id":"https:\/\/www.allevamentoredwing.com\/es\/blog\/el-fotoperiodo-de-cria-de-los-turdidae\/"},"author":{"name":"Firmo Bazzani","@id":"https:\/\/www.allevamentoredwing.com\/es\/#\/schema\/person\/ddaf18872ac3919f60ea25a1d46c7049"},"headline":"El fotoperiodo de cr\u00eda de los turdidae","datePublished":"2026-02-02T12:14:42+00:00","mainEntityOfPage":{"@id":"https:\/\/www.allevamentoredwing.com\/es\/blog\/el-fotoperiodo-de-cria-de-los-turdidae\/"},"wordCount":423,"commentCount":0,"publisher":{"@id":"https:\/\/www.allevamentoredwing.com\/es\/#organization"},"image":{"@id":"https:\/\/www.allevamentoredwing.com\/es\/blog\/el-fotoperiodo-de-cria-de-los-turdidae\/#primaryimage"},"thumbnailUrl":"https:\/\/www.allevamentoredwing.com\/wp-content\/uploads\/2020\/01\/DSC_6629.jpg","articleSection":["Gu\u00eda - Primeros pasos","Lo \u00faltimo del Blog"],"inLanguage":"es","potentialAction":[{"@type":"CommentAction","name":"Comment","target":["https:\/\/www.allevamentoredwing.com\/es\/blog\/el-fotoperiodo-de-cria-de-los-turdidae\/#respond"]}]},{"@type":"WebPage","@id":"https:\/\/www.allevamentoredwing.com\/es\/blog\/el-fotoperiodo-de-cria-de-los-turdidae\/","url":"https:\/\/www.allevamentoredwing.com\/es\/blog\/el-fotoperiodo-de-cria-de-los-turdidae\/","name":"El fotoperiodo de cr\u00eda de los turdidae - Allevamento Redwing","isPartOf":{"@id":"https:\/\/www.allevamentoredwing.com\/es\/#website"},"primaryImageOfPage":{"@id":"https:\/\/www.allevamentoredwing.com\/es\/blog\/el-fotoperiodo-de-cria-de-los-turdidae\/#primaryimage"},"image":{"@id":"https:\/\/www.allevamentoredwing.com\/es\/blog\/el-fotoperiodo-de-cria-de-los-turdidae\/#primaryimage"},"thumbnailUrl":"https:\/\/www.allevamentoredwing.com\/wp-content\/uploads\/2020\/01\/DSC_6629.jpg","datePublished":"2026-02-02T12:14:42+00:00","breadcrumb":{"@id":"https:\/\/www.allevamentoredwing.com\/es\/blog\/el-fotoperiodo-de-cria-de-los-turdidae\/#breadcrumb"},"inLanguage":"es","potentialAction":[{"@type":"ReadAction","target":["https:\/\/www.allevamentoredwing.com\/es\/blog\/el-fotoperiodo-de-cria-de-los-turdidae\/"]}]},{"@type":"ImageObject","inLanguage":"es","@id":"https:\/\/www.allevamentoredwing.com\/es\/blog\/el-fotoperiodo-de-cria-de-los-turdidae\/#primaryimage","url":"https:\/\/www.allevamentoredwing.com\/wp-content\/uploads\/2020\/01\/DSC_6629.jpg","contentUrl":"https:\/\/www.allevamentoredwing.com\/wp-content\/uploads\/2020\/01\/DSC_6629.jpg","width":1500,"height":1000},{"@type":"BreadcrumbList","@id":"https:\/\/www.allevamentoredwing.com\/es\/blog\/el-fotoperiodo-de-cria-de-los-turdidae\/#breadcrumb","itemListElement":[{"@type":"ListItem","position":1,"name":"Inicio","item":"https:\/\/www.allevamentoredwing.com\/es\/inicio\/"},{"@type":"ListItem","position":2,"name":"El fotoperiodo de cr\u00eda de los turdidae"}]},{"@type":"WebSite","@id":"https:\/\/www.allevamentoredwing.com\/es\/#website","url":"https:\/\/www.allevamentoredwing.com\/es\/","name":"Allevamento Redwing","description":"Tutto per l'allevamento dei volatili","publisher":{"@id":"https:\/\/www.allevamentoredwing.com\/es\/#organization"},"potentialAction":[{"@type":"SearchAction","target":{"@type":"EntryPoint","urlTemplate":"https:\/\/www.allevamentoredwing.com\/es\/?s={search_term_string}"},"query-input":{"@type":"PropertyValueSpecification","valueRequired":true,"valueName":"search_term_string"}}],"inLanguage":"es"},{"@type":"Organization","@id":"https:\/\/www.allevamentoredwing.com\/es\/#organization","name":"Azienda Agricola \"Allevamento Redwing\" di Bazzani Firmo","url":"https:\/\/www.allevamentoredwing.com\/es\/","logo":{"@type":"ImageObject","inLanguage":"es","@id":"https:\/\/www.allevamentoredwing.com\/es\/#\/schema\/logo\/image\/","url":"https:\/\/www.allevamentoredwing.com\/wp-content\/uploads\/2019\/10\/logo-allevamento-redwing.png","contentUrl":"https:\/\/www.allevamentoredwing.com\/wp-content\/uploads\/2019\/10\/logo-allevamento-redwing.png","width":819,"height":608,"caption":"Azienda Agricola \"Allevamento Redwing\" di Bazzani Firmo"},"image":{"@id":"https:\/\/www.allevamentoredwing.com\/es\/#\/schema\/logo\/image\/"},"sameAs":["https:\/\/www.facebook.com\/Allevamento-Redwing-1979803988953737","https:\/\/www.instagram.com\/allevamento_redwing\/","https:\/\/www.youtube.com\/channel\/UCTxa8prgvBGVInkp_pI0ShQ"]},{"@type":"Person","@id":"https:\/\/www.allevamentoredwing.com\/es\/#\/schema\/person\/ddaf18872ac3919f60ea25a1d46c7049","name":"Firmo Bazzani","image":{"@type":"ImageObject","inLanguage":"es","@id":"https:\/\/secure.gravatar.com\/avatar\/9a8ec13db9c63631a1336b3f9db20d4a5a9bf19805f69ab5e86180447325d195?s=96&d=mm&r=g","url":"https:\/\/secure.gravatar.com\/avatar\/9a8ec13db9c63631a1336b3f9db20d4a5a9bf19805f69ab5e86180447325d195?s=96&d=mm&r=g","contentUrl":"https:\/\/secure.gravatar.com\/avatar\/9a8ec13db9c63631a1336b3f9db20d4a5a9bf19805f69ab5e86180447325d195?s=96&d=mm&r=g","caption":"Firmo Bazzani"},"description":"Il braccio e la mente di tutto l'allevamento.","url":"https:\/\/www.allevamentoredwing.com\/es\/blog\/author\/bazzani-firmo\/"}]}},"_links":{"self":[{"href":"https:\/\/www.allevamentoredwing.com\/es\/wp-json\/wp\/v2\/posts\/34803","targetHints":{"allow":["GET"]}}],"collection":[{"href":"https:\/\/www.allevamentoredwing.com\/es\/wp-json\/wp\/v2\/posts"}],"about":[{"href":"https:\/\/www.allevamentoredwing.com\/es\/wp-json\/wp\/v2\/types\/post"}],"author":[{"embeddable":true,"href":"https:\/\/www.allevamentoredwing.com\/es\/wp-json\/wp\/v2\/users\/2"}],"replies":[{"embeddable":true,"href":"https:\/\/www.allevamentoredwing.com\/es\/wp-json\/wp\/v2\/comments?post=34803"}],"version-history":[{"count":1,"href":"https:\/\/www.allevamentoredwing.com\/es\/wp-json\/wp\/v2\/posts\/34803\/revisions"}],"predecessor-version":[{"id":34809,"href":"https:\/\/www.allevamentoredwing.com\/es\/wp-json\/wp\/v2\/posts\/34803\/revisions\/34809"}],"wp:featuredmedia":[{"embeddable":true,"href":"https:\/\/www.allevamentoredwing.com\/es\/wp-json\/wp\/v2\/media\/34804"}],"wp:attachment":[{"href":"https:\/\/www.allevamentoredwing.com\/es\/wp-json\/wp\/v2\/media?parent=34803"}],"wp:term":[{"taxonomy":"category","embeddable":true,"href":"https:\/\/www.allevamentoredwing.com\/es\/wp-json\/wp\/v2\/categories?post=34803"},{"taxonomy":"post_tag","embeddable":true,"href":"https:\/\/www.allevamentoredwing.com\/es\/wp-json\/wp\/v2\/tags?post=34803"}],"curies":[{"name":"wp","href":"https:\/\/api.w.org\/{rel}","templated":true}]}}